{"id":770782,"date":"2014-11-11T13:55:13","date_gmt":"2014-11-11T12:55:13","guid":{"rendered":"https:\/\/dailynewshungary.com\/de\/orban-europas-interesse-dass-aserbaidschan-gas-cee-erreicht\/"},"modified":"2014-11-11T13:55:13","modified_gmt":"2014-11-11T12:55:13","slug":"orban-europas-interesse-dass-aserbaidschan-gas-cee-erreicht","status":"publish","type":"post","link":"https:\/\/dailynewshungary.com\/de\/orban-europas-interesse-dass-aserbaidschan-gas-cee-erreicht\/","title":{"rendered":"Orban: Europas Interesse, dass Aserbaidschan Gas CEE erreicht"},"content":{"rendered":"<p><strong>Budapest, 11. November (MTI) \u2013 Es liegt im strategischen Interesse ganz Europas, dass Gas aus Aserbaidschan seine zentrale und \u00f6stliche Region erreicht, sagte Premierminister Viktor Orban am Dienstag nach Gespr\u00e4chen im Parlament mit Ilham Aliyev, dem Pr\u00e4sidenten Aserbaidschans.<\/strong><\/p>\n<p>Nach der Unterzeichnung einer gemeinsamen Erkl\u00e4rung zu einer strategischen Partnerschaft zwischen den beiden Landkreisen sagte Orban, dass die aktuellen Vertr\u00e4ge nur die Lieferung aserbaidschanischer Energie nach S\u00fcdeuropa garantieren. \u201eUnsere Aufgabe in den n\u00e4chsten Jahren besteht darin, die Voraussetzungen daf\u00fcr zu schaffen, dass aserbaidschanisches Gas auch aus dem S\u00fcden nach Mitteleuropa gelangt.\u201c\u201d, sagte der ungarische Ministerpr\u00e4sident.<\/p>\n<p><a href=\"https:\/\/dailynewshungary.com\/wp-content\/uploads\/2014\/11\/Download-19.jpg\" data-pswp-width=\"\" data-pswp-height=\"\" data-cropped=\"true\"><img loading=\"lazy\" decoding=\"async\" class=\"size-full wp-image-11905 aligncenter\" src=\"https:\/\/dailynewshungary.com\/wp-content\/uploads\/2014\/11\/Download-19.jpg\" alt=\"Aserbaidschan-ungarn\" width=\"600\" height=\"399\" srcset=\"https:\/\/contentf5.dailynewshungary.com\/wp-content\/uploads\/2014\/11\/Download-19.jpg 600w, https:\/\/contentf5.dailynewshungary.com\/wp-content\/uploads\/2014\/11\/Download-19-300x200.jpg 300w\" sizes=\"auto, (max-width: 600px) 100vw, 600px\"><\/a><\/p>\n<p><span style=\"font-size: 14px; line-height: 1.5em;\">Der einzige Weg zum Erfolg bestehe darin, dass die Nachbarstaaten ihre Pipelinenetze verbinden, sagte er und forderte die Mitgliedstaaten der Europ\u00e4ischen Union auf, einen gemeinsamen Energiemarkt zu schaffen, \u201eder erste Schritt besteht in nichts anderem als der Verbindung von Pipelinenetzen benachbarter Staaten.\u201c\u201d<\/span><\/p>\n<p>Orban nannte Ungarn einen \u201cModellstaat und fairen und korrekten Partner\u201d, da es dort jedes Nachbarland mit Energie versorgen k\u00f6nne, von wo aus es Energie bezieht \u201cWir sind in dieser Hinsicht einzigartig in der Region\u201d, sagte er.<\/p>\n<p>Die ungarisch-aserbaidschanische strategische Partnerschaft zwischen \u201czwei sich dynamisch entwickelnden Staaten\u201d diene nicht nur den Interessen Ungarns, sondern auch der EU, da die EU und Aserbaidschan bereits 1996 ein Partnerschafts &#8211; und Kooperationsabkommen abgeschlossen h\u00e4tten, so Orban.<\/p>\n<p>Aserbaidschan nannte er ein besonders wertvolles Land, weil \u201ces eine gewisse Br\u00fccke zwischen Europa und Asien schafft\u201d und als Beweis dient, \u201cdass es im Osten bestimmte L\u00e4nder gibt, die s\u00e4kular sind und daher ihre Bindungen zur westlichen Welt auf der Grundlage rationaler Gr\u00fcnde und gesunden Menschenverstandes formulieren k\u00f6nnen\u201d<\/p>\n<p>Orban nannte Aserbaidschan ein \u201cModellland\u201d unter dem Gesichtspunkt, wie ein Wirtschaftssystem auf einem Energiesektor aufgebaut werden kann, der dann auf andere Sektoren herunterriegelt.<\/p>\n<p>Ungarn habe viele Gr\u00fcnde, \u00fcber Aserbaidschan, seinen Pr\u00e4sidenten und seinen Vater, Heydar Alijew, \u201cmit gro\u00dfem Respekt\u201d zu sprechen, sagte der Ministerpr\u00e4sident.<\/p>\n<p>Der aserbaidschanische Pr\u00e4sident sagte, die Aussichten f\u00fcr die Zusammenarbeit im Energiesektor schienen \u201egut\u201czu sein. Aserbaidschan stellt eine neue Energiequelle f\u00fcr Europa dar und sein Land habe einen Bedarf f\u00fcr den europ\u00e4ischen Markt, sagte er und f\u00fcgte hinzu, dass seine riesigen \u00d6l- und Gasressourcen \u00fcber die S\u00fcdpipeline nach Europa geliefert w\u00fcrden. Er betonte die feste Entschlossenheit, das Projekt zum Abschluss zu bringen.<\/p>\n<p>Alijew sagte der gemeinsamen Pressekonferenz, dass die politischen Beziehungen zwischen den beiden L\u00e4ndern \u201causgezeichnet\u201d seien und sich die Wirtschaftsbeziehungen schnell entwickeln Er bemerkte, dass Orban Baku zweimal besucht habe und dass dies nun sein dritter Besuch in Budapest sei.<\/p>\n<p>Er sagte, das gesch\u00e4ftliche Interesse in beiden L\u00e4ndern sei au\u00dfergew\u00f6hnlich gro\u00df und es gebe gute M\u00f6glichkeiten f\u00fcr gegenseitige Investitionen und Zusammenarbeit. Er begr\u00fc\u00dfte die Pr\u00e4senz ungarischer Unternehmen auf dem aserbaidschanischen Markt, haupts\u00e4chlich in den Bereichen Landwirtschaft, Wassermanagement und Infrastrukturentwicklung.<\/p>\n<p>\u00dcber die unterzeichnete Erkl\u00e4rung zur strategischen Partnerschaft zwischen den beiden L\u00e4ndern sagte Aliyev, sie decke die gemeinsamen Ziele Ungarns und Aserbaidschans ab und sicherte den Erfolg der Zusammenarbeit sowie die weitere Unterst\u00fctzung der Entwicklung der Beziehungen zwischen seinem Land und der Europ\u00e4ischen Union.<\/p>\n<p>Er dankte Ungarn f\u00fcr die Bereitstellung von 200 Stipendien f\u00fcr seine Landsleute und f\u00fcgte hinzu, dass solche Initiativen die Beziehungen zwischen den B\u00fcrgern beider L\u00e4nder st\u00e4rkten.<\/p>\n<p>Er lud Orban ein, Baku einen weiteren Besuch abzustatten, um ihren Dialog fortzusetzen.<\/p>\n<p>Vor dem Treffen unterzeichneten Ungarn und Aserbaidschan acht Dokumente Dazu geh\u00f6rten Abkommen \u00fcber Luftverkehr und Tourismus, die Zusammenarbeit zwischen Budapest und Baku sowie eine Absichtserkl\u00e4rung \u00fcber die Zusammenarbeit im Bereich der Tiergesundheit zwischen den Landwirtschaftsministerien Eine Vereinbarung zwischen dem ungarischen Entwicklungsministerium und dem aserbaidschanischen Telekommunikationsministerium wurde \u00fcber die Anwendung innovativer Strategien unterzeichnet, und zwei weitere \u00fcber die Zusammenarbeit in Jugend und Sport sowie bei Bildungsprojekten.<\/p>\n<p><em>Foto: MTI \u2013 Szilard Koszticsak<\/em><\/p>\n","protected":false},"excerpt":{"rendered":"<p>Budapest, 11. November (MTI) \u2013 Es liegt im strategischen Interesse ganz Europas, dass Gas aus Aserbaidschan seine zentrale und \u00f6stliche Region erreicht, sagte Premierminister Viktor Orban am Dienstag nach Gespr\u00e4chen im Parlament mit Ilham Aliyev, dem Pr\u00e4sidenten Aserbaidschans. Nach der Unterzeichnung einer gemeinsamen Erkl\u00e4rung zu einer strategischen Partnerschaft zwischen den beiden Landkreisen sagte Orban, dass [&hellip;]<\/p>\n","protected":false},"author":2,"featured_media":770783,"comment_status":"open","ping_status":"open","sticky":false,"template":"","format":"standard","meta":{"_acf_changed":false,"_display_image":"","footnotes":""},"categories":[1081],"tags":[1237,2344,1128],"class_list":["post-770782","post","type-post","status-publish","format-standard","has-post-thumbnail","hentry","category-politik","tag-aserbaidschan","tag-besuchen-sie","tag-viktor-orban"],"blocksy_meta":[],"acf":[],"author_username":"alk","telegram_post":"","public_post_metadata":{"breaking_news":"","important":"","csempe":"","center_tile":"","disable_thumbnail":"","target_lang":"","_featured_image_style":"","telegram_post":"","_xlat_group_id":""},"public_rank_math_data":{"title":"%title% %sep% %sitename%","description":"","focus_keyword":"","canonical_url":"","robots":"","primary_category":"1081","breadcrumb_title":"","facebook_title":"","facebook_description":"","facebook_image":"","facebook_image_id":"","twitter_title":"","twitter_description":"","twitter_image":"","twitter_image_id":"","twitter_card_type":"","twitter_use_facebook":"","advanced_robots":"","pillar_content":"","seo_score":"","contentai_score":"","rich_snippet":""},"_links":{"self":[{"href":"https:\/\/dailynewshungary.com\/de\/wp-json\/wp\/v2\/posts\/770782","targetHints":{"allow":["GET"]}}],"collection":[{"href":"https:\/\/dailynewshungary.com\/de\/wp-json\/wp\/v2\/posts"}],"about":[{"href":"https:\/\/dailynewshungary.com\/de\/wp-json\/wp\/v2\/types\/post"}],"author":[{"embeddable":true,"href":"https:\/\/dailynewshungary.com\/de\/wp-json\/wp\/v2\/users\/2"}],"replies":[{"embeddable":true,"href":"https:\/\/dailynewshungary.com\/de\/wp-json\/wp\/v2\/comments?post=770782"}],"version-history":[{"count":0,"href":"https:\/\/dailynewshungary.com\/de\/wp-json\/wp\/v2\/posts\/770782\/revisions"}],"wp:featuredmedia":[{"embeddable":true,"href":"https:\/\/dailynewshungary.com\/de\/wp-json\/wp\/v2\/media\/770783"}],"wp:attachment":[{"href":"https:\/\/dailynewshungary.com\/de\/wp-json\/wp\/v2\/media?parent=770782"}],"wp:term":[{"taxonomy":"category","embeddable":true,"href":"https:\/\/dailynewshungary.com\/de\/wp-json\/wp\/v2\/categories?post=770782"},{"taxonomy":"post_tag","embeddable":true,"href":"https:\/\/dailynewshungary.com\/de\/wp-json\/wp\/v2\/tags?post=770782"}],"curies":[{"name":"wp","href":"https:\/\/api.w.org\/{rel}","templated":true}]}}