{"id":770792,"date":"2014-11-10T18:42:23","date_gmt":"2014-11-10T17:42:23","guid":{"rendered":"https:\/\/dailynewshungary.com\/de\/orban-trifft-ungarischen-abgeordneten-des-ukrainischen-parlaments\/"},"modified":"2014-11-10T18:42:23","modified_gmt":"2014-11-10T17:42:23","slug":"orban-trifft-ungarischen-abgeordneten-des-ukrainischen-parlaments","status":"publish","type":"post","link":"https:\/\/dailynewshungary.com\/de\/orban-trifft-ungarischen-abgeordneten-des-ukrainischen-parlaments\/","title":{"rendered":"Orban trifft ungarischen Abgeordneten des ukrainischen Parlaments"},"content":{"rendered":"<p><strong>Budapest, 10. November (MTI) \u201eMinisterpr\u00e4sident Viktor Orban hat heute Gespr\u00e4che mit einem F\u00fchrer der ethnischen ungarischen Gemeinschaft der Ukraine gef\u00fchrt, sagte der Leiter der Pressestelle des Premierministers.<\/strong><\/p>\n<p>Im Mittelpunkt der Gespr\u00e4che standen Gaslieferungen in die Ukraine, Infrastrukturprojekte und der Wiederaufbau ungarischer Institutionen, sagte Bertalan Havasi gegen\u00fcber MTI.<\/p>\n<p>Orban und der neu gew\u00e4hlte ukrainische Abgeordnete Laszlo Brenzovics, Vorsitzender der ethnischen ungarischen KMKSZ-Organisation, begr\u00fc\u00dften, dass die neuen Gaspipelines, die in Zusammenarbeit mit der Slowakei und der Europ\u00e4ischen Union gebaut wurden, es der Ukraine erm\u00f6glichen w\u00fcrden, ab Januar ohne russische Beteiligung Erdgas zu beziehen.<\/p>\n<p>Die beiden Politiker betonten die Notwendigkeit, ungarisch-ukrainische Grenzbahnh\u00f6fe und das angrenzende Stra\u00dfennetz auszubauen.<\/p>\n<p>Es sei vereinbart worden, dass die ungarische Regierung weiterhin den Wiederaufbau ungarischer Kultur- und Wohlfahrtseinrichtungen in Transkarpatien unterst\u00fctzen werde, sagte er.<\/p>\n<p><em>Foto: B\u00fcro des Premierministers&nbsp;<\/em><\/p>\n","protected":false},"excerpt":{"rendered":"<p>Budapest, 10. November (MTI) \u201eMinisterpr\u00e4sident Viktor Orban hat heute Gespr\u00e4che mit einem F\u00fchrer der ethnischen ungarischen Gemeinschaft der Ukraine gef\u00fchrt, sagte der Leiter der Pressestelle des Premierministers. Im Mittelpunkt der Gespr\u00e4che standen Gaslieferungen in die Ukraine, Infrastrukturprojekte und der Wiederaufbau ungarischer Institutionen, sagte Bertalan Havasi gegen\u00fcber MTI. Orban und der neu gew\u00e4hlte ukrainische Abgeordnete Laszlo [&hellip;]<\/p>\n","protected":false},"author":2,"featured_media":770793,"comment_status":"open","ping_status":"open","sticky":false,"template":"","format":"standard","meta":{"_acf_changed":false,"_display_image":"","footnotes":""},"categories":[1081],"tags":[1092,1128],"class_list":["post-770792","post","type-post","status-publish","format-standard","has-post-thumbnail","hentry","category-politik","tag-ukraine","tag-viktor-orban"],"blocksy_meta":[],"acf":[],"author_username":"alk","telegram_post":"","public_post_metadata":{"breaking_news":"","important":"","csempe":"","center_tile":"","disable_thumbnail":"","target_lang":"","_featured_image_style":"","telegram_post":"","_xlat_group_id":""},"public_rank_math_data":{"title":"%title% %sep% %sitename%","description":"","focus_keyword":"","canonical_url":"","robots":"","primary_category":"1081","breadcrumb_title":"","facebook_title":"","facebook_description":"","facebook_image":"","facebook_image_id":"","twitter_title":"","twitter_description":"","twitter_image":"","twitter_image_id":"","twitter_card_type":"","twitter_use_facebook":"","advanced_robots":"","pillar_content":"","seo_score":"","contentai_score":"","rich_snippet":""},"_links":{"self":[{"href":"https:\/\/dailynewshungary.com\/de\/wp-json\/wp\/v2\/posts\/770792","targetHints":{"allow":["GET"]}}],"collection":[{"href":"https:\/\/dailynewshungary.com\/de\/wp-json\/wp\/v2\/posts"}],"about":[{"href":"https:\/\/dailynewshungary.com\/de\/wp-json\/wp\/v2\/types\/post"}],"author":[{"embeddable":true,"href":"https:\/\/dailynewshungary.com\/de\/wp-json\/wp\/v2\/users\/2"}],"replies":[{"embeddable":true,"href":"https:\/\/dailynewshungary.com\/de\/wp-json\/wp\/v2\/comments?post=770792"}],"version-history":[{"count":0,"href":"https:\/\/dailynewshungary.com\/de\/wp-json\/wp\/v2\/posts\/770792\/revisions"}],"wp:featuredmedia":[{"embeddable":true,"href":"https:\/\/dailynewshungary.com\/de\/wp-json\/wp\/v2\/media\/770793"}],"wp:attachment":[{"href":"https:\/\/dailynewshungary.com\/de\/wp-json\/wp\/v2\/media?parent=770792"}],"wp:term":[{"taxonomy":"category","embeddable":true,"href":"https:\/\/dailynewshungary.com\/de\/wp-json\/wp\/v2\/categories?post=770792"},{"taxonomy":"post_tag","embeddable":true,"href":"https:\/\/dailynewshungary.com\/de\/wp-json\/wp\/v2\/tags?post=770792"}],"curies":[{"name":"wp","href":"https:\/\/api.w.org\/{rel}","templated":true}]}}