{"id":770854,"date":"2014-11-06T16:08:09","date_gmt":"2014-11-06T15:08:09","guid":{"rendered":"https:\/\/dailynewshungary.com\/de\/walesa-brucke-zwischen-ost-und-west-sagt-lazar\/"},"modified":"2014-11-06T16:08:09","modified_gmt":"2014-11-06T15:08:09","slug":"walesa-brucke-zwischen-ost-und-west-sagt-lazar","status":"publish","type":"post","link":"https:\/\/dailynewshungary.com\/de\/walesa-brucke-zwischen-ost-und-west-sagt-lazar\/","title":{"rendered":"Walesa-Br\u00fccke zwischen \u201cOst und West\u201d, sagt Lazar"},"content":{"rendered":"<p><strong>Budapest, 5. November (MTI) \u2013 Der ehemalige polnische Pr\u00e4sident Lech Walesa war Ehrengast eines Abendessens, das Ungarns Pr\u00e4sident Janos Ader am Mittwochabend veranstaltete.<\/strong><\/p>\n<p>In seiner Ansprache erinnerte sich Ader an seine pers\u00f6nlichen Begegnungen mit Walesa im Alter von 71 Jahren und die Freiheitsk\u00e4mpfe des polnischen Volkes, beide h\u00e4tten an einer Messe teilgenommen, die Papst Johannes Paul II. w\u00e4hrend seines dritten Polenbesuchs im Sommer 1987 zelebrierteEr bemerkte, dass beide damals nicht wussten, dass sie einmal Pr\u00e4sidenten ihrer jeweiligen L\u00e4nder sein w\u00fcrden (Walesa dreieinhalb und Ader 27 Jahre sp\u00e4ter).<\/p>\n<p>Walesa, ehemaliger F\u00fchrer der Solidarit\u00e4tsbewegung, sagte, seine Generation habe viel f\u00fcr den Abbau der Grenzen in Europa getanEr sagte, die Mauern seien niedergerissen worden, damit Gerechtigkeit geschaffen werde, aber es gebe noch viel zu tun, um Gleichheit im sozialen, kulturellen Bereich und in der Bildung zu erreichen.<\/p>\n<p>Das Leben des ehemaligen polnischen Pr\u00e4sidenten Lech Walesa sei ein Beispiel f\u00fcr jede politische Macht, die zum wahren Prinzip der \u201eRegierung durch das Volk\u201czur\u00fcckkehren will, sagte Janos Lazar, der Leiter des B\u00fcros des Premierministers, bei einer Zeremonie im Parlament.<\/p>\n<p>Walesa war jemand, der eine Br\u00fccke werden konnte, die vom Kommunismus in die Freiheit f\u00fchrte, und der Verbindungen herstellen konnte, wo nur Mauern und der eiserne Vorhang davor standen: \u201czwischen Ost und West\u201d, sagte Lazar bei der Zeremonie, bei der Walesa am Mittwoch die Visegrad Bridge-Auszeichnung \u00fcberreicht wurde.<\/p>\n<p>Gergely Gulyas, stellvertretender Parlamentspr\u00e4sident, sagte, die Botschaft von Walesa sei auch heute noch g\u00fcltig, da das heutige Europa nichts weiter als Solidarit\u00e4t brauche, die Unterschiede verschiedener historischer Traditionen innerhalb der Gemeinschaft respektiere.<\/p>\n<p><em>Foto: MTI \u2013 Attila Kovacs<\/em><\/p>\n","protected":false},"excerpt":{"rendered":"<p>Budapest, 5. November (MTI) \u2013 Der ehemalige polnische Pr\u00e4sident Lech Walesa war Ehrengast eines Abendessens, das Ungarns Pr\u00e4sident Janos Ader am Mittwochabend veranstaltete. In seiner Ansprache erinnerte sich Ader an seine pers\u00f6nlichen Begegnungen mit Walesa im Alter von 71 Jahren und die Freiheitsk\u00e4mpfe des polnischen Volkes, beide h\u00e4tten an einer Messe teilgenommen, die Papst Johannes [&hellip;]<\/p>\n","protected":false},"author":2,"featured_media":770855,"comment_status":"open","ping_status":"open","sticky":false,"template":"","format":"standard","meta":{"_acf_changed":false,"_display_image":"","footnotes":""},"categories":[1081],"tags":[1125],"class_list":["post-770854","post","type-post","status-publish","format-standard","has-post-thumbnail","hentry","category-politik","tag-geschichte"],"blocksy_meta":[],"acf":[],"author_username":"alk","telegram_post":"","public_post_metadata":{"breaking_news":"","important":"","csempe":"","center_tile":"","disable_thumbnail":"","target_lang":"","_featured_image_style":"","telegram_post":"","_xlat_group_id":""},"public_rank_math_data":{"title":"%title% %sep% %sitename%","description":"","focus_keyword":"","canonical_url":"","robots":"","primary_category":"1081","breadcrumb_title":"","facebook_title":"","facebook_description":"","facebook_image":"","facebook_image_id":"","twitter_title":"","twitter_description":"","twitter_image":"","twitter_image_id":"","twitter_card_type":"","twitter_use_facebook":"","advanced_robots":"","pillar_content":"","seo_score":"","contentai_score":"","rich_snippet":""},"_links":{"self":[{"href":"https:\/\/dailynewshungary.com\/de\/wp-json\/wp\/v2\/posts\/770854","targetHints":{"allow":["GET"]}}],"collection":[{"href":"https:\/\/dailynewshungary.com\/de\/wp-json\/wp\/v2\/posts"}],"about":[{"href":"https:\/\/dailynewshungary.com\/de\/wp-json\/wp\/v2\/types\/post"}],"author":[{"embeddable":true,"href":"https:\/\/dailynewshungary.com\/de\/wp-json\/wp\/v2\/users\/2"}],"replies":[{"embeddable":true,"href":"https:\/\/dailynewshungary.com\/de\/wp-json\/wp\/v2\/comments?post=770854"}],"version-history":[{"count":0,"href":"https:\/\/dailynewshungary.com\/de\/wp-json\/wp\/v2\/posts\/770854\/revisions"}],"wp:featuredmedia":[{"embeddable":true,"href":"https:\/\/dailynewshungary.com\/de\/wp-json\/wp\/v2\/media\/770855"}],"wp:attachment":[{"href":"https:\/\/dailynewshungary.com\/de\/wp-json\/wp\/v2\/media?parent=770854"}],"wp:term":[{"taxonomy":"category","embeddable":true,"href":"https:\/\/dailynewshungary.com\/de\/wp-json\/wp\/v2\/categories?post=770854"},{"taxonomy":"post_tag","embeddable":true,"href":"https:\/\/dailynewshungary.com\/de\/wp-json\/wp\/v2\/tags?post=770854"}],"curies":[{"name":"wp","href":"https:\/\/api.w.org\/{rel}","templated":true}]}}