{"id":770884,"date":"2014-11-04T19:25:18","date_gmt":"2014-11-04T18:25:18","guid":{"rendered":"https:\/\/dailynewshungary.com\/de\/flagge-im-parlament-wurde-am-jahrestag-1956-auf-halbmast-gesenkt-fotos\/"},"modified":"2014-11-04T19:25:18","modified_gmt":"2014-11-04T18:25:18","slug":"flagge-im-parlament-wurde-am-jahrestag-1956-auf-halbmast-gesenkt-fotos","status":"publish","type":"post","link":"https:\/\/dailynewshungary.com\/de\/flagge-im-parlament-wurde-am-jahrestag-1956-auf-halbmast-gesenkt-fotos\/","title":{"rendered":"Flagge im Parlament wurde am Jahrestag 1956 auf Halbmast gesenkt. \u2013 Fotos"},"content":{"rendered":"<p><strong><span style=\"font-size: 14px; line-height: 1.5em;\">Budapest, 4. November (MTI) \u2013 Die Nationalflagge wurde am Morgen im Parlament w\u00e4hrend einer Zeremonie, an der Premierminister Viktor Orban teilnahm, anl\u00e4sslich des 58. Jahrestages der Niederschlagung der antisowjetischen Revolution Ungarns gehisst und dann auf Halbmast gesenkt die Invasion der sowjetischen Truppen im Jahr 1956.<\/span><\/strong><\/p>\n<p><a href=\"https:\/\/dailynewshungary.com\/wp-content\/uploads\/2014\/11\/Download-6.jpg\" data-pswp-width=\"\" data-pswp-height=\"\" data-cropped=\"true\"><img loading=\"lazy\" decoding=\"async\" class=\" wp-image-11717 alignleft\" alt=\"Herunterladen (6)\" src=\"https:\/\/dailynewshungary.com\/wp-content\/uploads\/2014\/11\/Download-6-199x300.jpg\" width=\"159\" height=\"240\" srcset=\"https:\/\/contentf5.dailynewshungary.com\/wp-content\/uploads\/2014\/11\/Download-6-199x300.jpg 199w, https:\/\/contentf5.dailynewshungary.com\/wp-content\/uploads\/2014\/11\/Download-6.jpg 399w\" sizes=\"auto, (max-width: 159px) 100vw, 159px\"><\/a>Die Zeremonie fand mit milit\u00e4rischen Ehren statt und die Flagge blieb den ganzen Tag \u00fcber auf Halbmast.<\/p>\n<p><span style=\"font-size: 14px; line-height: 1.5em;\">Am Nachmittag fand auf dem Nationalen Gedenkort auf dem \u00f6ffentlichen Friedhof Budapest Rakoskeresztur eine zentrale Gedenkfeier statt, an der Verteidigungsministerin Csaba Hende sprach.<\/span><\/p>\n<p>\u201c1956 zeigte, dass unser wichtigstes nationales Gut, wie auch das Interesse, Souver\u00e4nit\u00e4t ist; die M\u00f6glichkeit f\u00fcr uns, \u00fcber unser eigenes Schicksal selbst entscheiden zu k\u00f6nnen\u201d Hende sagte, dass die Wahrung der Souver\u00e4nit\u00e4t f\u00fcr Ungarn auch heute noch am wichtigsten geblieben ist.<\/p>\n<p>Zum Abschluss der Gedenkfeier legten Vertreter der Regierung, der politischen Parteien und des Parlaments sowie anderer Organisationen Kr\u00e4nze und Blumen am Memorial Place nieder.<\/p>\n<p>Die Gedenkfeiern werden mit einem Konzert in der Sankt-Stephans-Basilika am Dienstagabend abgeschlossen.<\/p>\n<p><a href=\"https:\/\/dailynewshungary.com\/wp-content\/uploads\/2014\/11\/Download-91.jpg\" data-pswp-width=\"\" data-pswp-height=\"\" data-cropped=\"true\"><img loading=\"lazy\" decoding=\"async\" class=\"size-full wp-image-11716 aligncenter\" alt=\"Herunterladen (9)\" src=\"https:\/\/dailynewshungary.com\/wp-content\/uploads\/2014\/11\/Download-91.jpg\" width=\"600\" height=\"399\" srcset=\"https:\/\/contentf5.dailynewshungary.com\/wp-content\/uploads\/2014\/11\/Download-91.jpg 600w, https:\/\/contentf5.dailynewshungary.com\/wp-content\/uploads\/2014\/11\/Download-91-300x200.jpg 300w\" sizes=\"auto, (max-width: 600px) 100vw, 600px\"><\/a><\/p>\n<p><a href=\"https:\/\/dailynewshungary.com\/wp-content\/uploads\/2014\/11\/Download-111.jpg\" data-pswp-width=\"\" data-pswp-height=\"\" data-cropped=\"true\"><img loading=\"lazy\" decoding=\"async\" class=\"size-full wp-image-11714 aligncenter\" alt=\"Herunterladen (11)\" src=\"https:\/\/dailynewshungary.com\/wp-content\/uploads\/2014\/11\/Download-111.jpg\" width=\"600\" height=\"399\" srcset=\"https:\/\/contentf5.dailynewshungary.com\/wp-content\/uploads\/2014\/11\/Download-111.jpg 600w, https:\/\/contentf5.dailynewshungary.com\/wp-content\/uploads\/2014\/11\/Download-111-300x200.jpg 300w\" sizes=\"auto, (max-width: 600px) 100vw, 600px\"><\/a><\/p>\n<p><a href=\"https:\/\/dailynewshungary.com\/wp-content\/uploads\/2014\/11\/Download-5.jpg\" data-pswp-width=\"\" data-pswp-height=\"\" data-cropped=\"true\"><img loading=\"lazy\" decoding=\"async\" class=\"size-full wp-image-11718 aligncenter\" alt=\"Herunterladen (5)\" src=\"https:\/\/dailynewshungary.com\/wp-content\/uploads\/2014\/11\/Download-5.jpg\" width=\"600\" height=\"399\" srcset=\"https:\/\/contentf5.dailynewshungary.com\/wp-content\/uploads\/2014\/11\/Download-5.jpg 600w, https:\/\/contentf5.dailynewshungary.com\/wp-content\/uploads\/2014\/11\/Download-5-300x200.jpg 300w\" sizes=\"auto, (max-width: 600px) 100vw, 600px\"><\/a><\/p>\n<p><em>Foto: MTI \u2013 Szilard Koszticsak<\/em><\/p>\n","protected":false},"excerpt":{"rendered":"<p>Budapest, 4. November (MTI) \u2013 Die Nationalflagge wurde am Morgen im Parlament w\u00e4hrend einer Zeremonie, an der Premierminister Viktor Orban teilnahm, anl\u00e4sslich des 58. Jahrestages der Niederschlagung der antisowjetischen Revolution Ungarns gehisst und dann auf Halbmast gesenkt die Invasion der sowjetischen Truppen im Jahr 1956. Die Zeremonie fand mit milit\u00e4rischen Ehren statt und die Flagge [&hellip;]<\/p>\n","protected":false},"author":2,"featured_media":770885,"comment_status":"open","ping_status":"open","sticky":false,"template":"","format":"standard","meta":{"_acf_changed":false,"_display_image":"","footnotes":""},"categories":[1151],"tags":[1125],"class_list":["post-770884","post","type-post","status-publish","format-standard","has-post-thumbnail","hentry","category-kulturen","tag-geschichte"],"blocksy_meta":[],"acf":[],"author_username":"alk","telegram_post":"","public_post_metadata":{"breaking_news":"","important":"","csempe":"","center_tile":"","disable_thumbnail":"","target_lang":"","_featured_image_style":"","telegram_post":"","_xlat_group_id":""},"public_rank_math_data":{"title":"%title% %sep% %sitename%","description":"","focus_keyword":"","canonical_url":"","robots":"","primary_category":"1151","breadcrumb_title":"","facebook_title":"","facebook_description":"","facebook_image":"","facebook_image_id":"","twitter_title":"","twitter_description":"","twitter_image":"","twitter_image_id":"","twitter_card_type":"","twitter_use_facebook":"","advanced_robots":"","pillar_content":"","seo_score":"","contentai_score":"","rich_snippet":""},"_links":{"self":[{"href":"https:\/\/dailynewshungary.com\/de\/wp-json\/wp\/v2\/posts\/770884","targetHints":{"allow":["GET"]}}],"collection":[{"href":"https:\/\/dailynewshungary.com\/de\/wp-json\/wp\/v2\/posts"}],"about":[{"href":"https:\/\/dailynewshungary.com\/de\/wp-json\/wp\/v2\/types\/post"}],"author":[{"embeddable":true,"href":"https:\/\/dailynewshungary.com\/de\/wp-json\/wp\/v2\/users\/2"}],"replies":[{"embeddable":true,"href":"https:\/\/dailynewshungary.com\/de\/wp-json\/wp\/v2\/comments?post=770884"}],"version-history":[{"count":0,"href":"https:\/\/dailynewshungary.com\/de\/wp-json\/wp\/v2\/posts\/770884\/revisions"}],"wp:featuredmedia":[{"embeddable":true,"href":"https:\/\/dailynewshungary.com\/de\/wp-json\/wp\/v2\/media\/770885"}],"wp:attachment":[{"href":"https:\/\/dailynewshungary.com\/de\/wp-json\/wp\/v2\/media?parent=770884"}],"wp:term":[{"taxonomy":"category","embeddable":true,"href":"https:\/\/dailynewshungary.com\/de\/wp-json\/wp\/v2\/categories?post=770884"},{"taxonomy":"post_tag","embeddable":true,"href":"https:\/\/dailynewshungary.com\/de\/wp-json\/wp\/v2\/tags?post=770884"}],"curies":[{"name":"wp","href":"https:\/\/api.w.org\/{rel}","templated":true}]}}