{"id":770922,"date":"2014-11-01T21:16:26","date_gmt":"2014-11-01T20:16:26","guid":{"rendered":"https:\/\/dailynewshungary.com\/de\/etwa-400-000-lohnabhangige-auf-allerheiligenfriedhofen\/"},"modified":"2014-11-01T21:16:26","modified_gmt":"2014-11-01T20:16:26","slug":"etwa-400-000-lohnabhangige-auf-allerheiligenfriedhofen","status":"publish","type":"post","link":"https:\/\/dailynewshungary.com\/de\/etwa-400-000-lohnabhangige-auf-allerheiligenfriedhofen\/","title":{"rendered":"Etwa 400.000 Lohnabh\u00e4ngige auf Allerheiligenfriedh\u00f6fen"},"content":{"rendered":"<p><strong>Budapest, 1. November (MTI) \u2013 Etwa 400.000 Menschen besuchten am Samstag die Budapester Friedh\u00f6fe und erinnerten sich an die verlorenen Angeh\u00f6rigen an Allerheiligen.<\/strong><\/p>\n<p><a href=\"https:\/\/dailynewshungary.com\/wp-content\/uploads\/2014\/11\/Download-13.jpg\" data-pswp-width=\"\" data-pswp-height=\"\" data-cropped=\"true\"><img loading=\"lazy\" decoding=\"async\" class=\"size-full wp-image-11647 aligncenter\" alt=\"Herunterladen (13)\" src=\"https:\/\/dailynewshungary.com\/wp-content\/uploads\/2014\/11\/Download-13.jpg\" width=\"600\" height=\"400\" srcset=\"https:\/\/contentf5.dailynewshungary.com\/wp-content\/uploads\/2014\/11\/Download-13.jpg 600w, https:\/\/contentf5.dailynewshungary.com\/wp-content\/uploads\/2014\/11\/Download-13-300x200.jpg 300w\" sizes=\"auto, (max-width: 600px) 100vw, 600px\"><\/a><\/p>\n<p>Ebenso viele Menschen sollen am Sonntag, Allerseelen, die Friedh\u00f6fe der Hauptstadt besuchen, sagte Gabor Toth, Direktor am Budapester Friedhofsinstitut, gegen\u00fcber MTI.<\/p>\n<p><a href=\"https:\/\/dailynewshungary.com\/wp-content\/uploads\/2014\/11\/Download-12.jpg\" data-pswp-width=\"\" data-pswp-height=\"\" data-cropped=\"true\"><img loading=\"lazy\" decoding=\"async\" class=\"size-full wp-image-11648 aligncenter\" alt=\"Herunterladen (12)\" src=\"https:\/\/dailynewshungary.com\/wp-content\/uploads\/2014\/11\/Download-12.jpg\" width=\"600\" height=\"400\" srcset=\"https:\/\/contentf5.dailynewshungary.com\/wp-content\/uploads\/2014\/11\/Download-12.jpg 600w, https:\/\/contentf5.dailynewshungary.com\/wp-content\/uploads\/2014\/11\/Download-12-300x200.jpg 300w\" sizes=\"auto, (max-width: 600px) 100vw, 600px\"><\/a><\/p>\n<p><a href=\"https:\/\/dailynewshungary.com\/wp-content\/uploads\/2014\/11\/Download-11.jpg\" data-pswp-width=\"\" data-pswp-height=\"\" data-cropped=\"true\"><img loading=\"lazy\" decoding=\"async\" class=\"size-full wp-image-11649 aligncenter\" alt=\"Herunterladen (11)\" src=\"https:\/\/dailynewshungary.com\/wp-content\/uploads\/2014\/11\/Download-11.jpg\" width=\"600\" height=\"399\" srcset=\"https:\/\/contentf5.dailynewshungary.com\/wp-content\/uploads\/2014\/11\/Download-11.jpg 600w, https:\/\/contentf5.dailynewshungary.com\/wp-content\/uploads\/2014\/11\/Download-11-300x200.jpg 300w\" sizes=\"auto, (max-width: 600px) 100vw, 600px\"><\/a><\/p>\n<p>Wie am Samstag sind die Friedh\u00f6fe sonntags von 7 Uhr morgens bis 8 Uhr abends ge\u00f6ffnet.<\/p>\n<p><a href=\"https:\/\/dailynewshungary.com\/wp-content\/uploads\/2014\/11\/Download-10.jpg\" data-pswp-width=\"\" data-pswp-height=\"\" data-cropped=\"true\"><img loading=\"lazy\" decoding=\"async\" class=\"size-full wp-image-11650 aligncenter\" alt=\"Herunterladen (10)\" src=\"https:\/\/dailynewshungary.com\/wp-content\/uploads\/2014\/11\/Download-10.jpg\" width=\"600\" height=\"399\" srcset=\"https:\/\/contentf5.dailynewshungary.com\/wp-content\/uploads\/2014\/11\/Download-10.jpg 600w, https:\/\/contentf5.dailynewshungary.com\/wp-content\/uploads\/2014\/11\/Download-10-300x200.jpg 300w\" sizes=\"auto, (max-width: 600px) 100vw, 600px\"><\/a><\/p>\n<p>Foto: MTI<\/p>\n","protected":false},"excerpt":{"rendered":"<p>Budapest, 1. November (MTI) \u2013 Etwa 400.000 Menschen besuchten am Samstag die Budapester Friedh\u00f6fe und erinnerten sich an die verlorenen Angeh\u00f6rigen an Allerheiligen. Ebenso viele Menschen sollen am Sonntag, Allerseelen, die Friedh\u00f6fe der Hauptstadt besuchen, sagte Gabor Toth, Direktor am Budapester Friedhofsinstitut, gegen\u00fcber MTI. Wie am Samstag sind die Friedh\u00f6fe sonntags von 7 Uhr morgens [&hellip;]<\/p>\n","protected":false},"author":2,"featured_media":770923,"comment_status":"open","ping_status":"open","sticky":false,"template":"","format":"standard","meta":{"_acf_changed":false,"_display_image":"","footnotes":""},"categories":[1098],"tags":[1066],"class_list":["post-770922","post","type-post","status-publish","format-standard","has-post-thumbnail","hentry","category-gesellschaft","tag-hungary"],"blocksy_meta":[],"acf":[],"author_username":"alk","telegram_post":"","public_post_metadata":{"breaking_news":"","important":"","csempe":"","center_tile":"","disable_thumbnail":"","target_lang":"","_featured_image_style":"","telegram_post":"","_xlat_group_id":""},"public_rank_math_data":{"title":"%title% %sep% %sitename%","description":"","focus_keyword":"","canonical_url":"","robots":"","primary_category":"1098","breadcrumb_title":"","facebook_title":"","facebook_description":"","facebook_image":"","facebook_image_id":"","twitter_title":"","twitter_description":"","twitter_image":"","twitter_image_id":"","twitter_card_type":"","twitter_use_facebook":"","advanced_robots":"","pillar_content":"","seo_score":"","contentai_score":"","rich_snippet":""},"_links":{"self":[{"href":"https:\/\/dailynewshungary.com\/de\/wp-json\/wp\/v2\/posts\/770922","targetHints":{"allow":["GET"]}}],"collection":[{"href":"https:\/\/dailynewshungary.com\/de\/wp-json\/wp\/v2\/posts"}],"about":[{"href":"https:\/\/dailynewshungary.com\/de\/wp-json\/wp\/v2\/types\/post"}],"author":[{"embeddable":true,"href":"https:\/\/dailynewshungary.com\/de\/wp-json\/wp\/v2\/users\/2"}],"replies":[{"embeddable":true,"href":"https:\/\/dailynewshungary.com\/de\/wp-json\/wp\/v2\/comments?post=770922"}],"version-history":[{"count":0,"href":"https:\/\/dailynewshungary.com\/de\/wp-json\/wp\/v2\/posts\/770922\/revisions"}],"wp:featuredmedia":[{"embeddable":true,"href":"https:\/\/dailynewshungary.com\/de\/wp-json\/wp\/v2\/media\/770923"}],"wp:attachment":[{"href":"https:\/\/dailynewshungary.com\/de\/wp-json\/wp\/v2\/media?parent=770922"}],"wp:term":[{"taxonomy":"category","embeddable":true,"href":"https:\/\/dailynewshungary.com\/de\/wp-json\/wp\/v2\/categories?post=770922"},{"taxonomy":"post_tag","embeddable":true,"href":"https:\/\/dailynewshungary.com\/de\/wp-json\/wp\/v2\/tags?post=770922"}],"curies":[{"name":"wp","href":"https:\/\/api.w.org\/{rel}","templated":true}]}}