{"id":770994,"date":"2014-10-28T13:44:27","date_gmt":"2014-10-28T12:44:27","guid":{"rendered":"https:\/\/dailynewshungary.com\/de\/fidesz-demo-vom-sonntag-arrangiert-von-sozialistischen-aktivisten\/"},"modified":"2014-10-28T13:44:27","modified_gmt":"2014-10-28T12:44:27","slug":"fidesz-demo-vom-sonntag-arrangiert-von-sozialistischen-aktivisten","status":"publish","type":"post","link":"https:\/\/dailynewshungary.com\/de\/fidesz-demo-vom-sonntag-arrangiert-von-sozialistischen-aktivisten\/","title":{"rendered":"FIDESZ: Demo vom Sonntag, arrangiert von sozialistischen Aktivisten"},"content":{"rendered":"<p><strong>Budapest, 28. Oktober (MTI) (MTI) \u201eDie Personen, die verd\u00e4chtigt werden, bei einer regierungsfeindlichen Demonstration am Sonntag das Hauptquartier der regierenden Fidesz-Partei zerst\u00f6rt zu haben, sind politische Aktivisten und keine Fu\u00dfball-Hooligans, sagte Antal Rogan, Vorsitzender der Fidesz-Gruppe, am sp\u00e4ten Montag gegen\u00fcber dem Werbespot HirTV.<\/strong><\/p>\n<p>\u201cDie Sozialistische Partei hat diesen Protest eindeutig durch ihre Mitarbeiter arrangiert\u201d, sagte Rogan. Er sagte, dass die Demonstration am Sonntag offensichtlich eher eine parteinahe als eine zivile Initiative gewesen sei und bestand darauf, dass die Organisatoren f\u00fcr die Gewalttaten nach der Veranstaltung verantwortlich seien.<\/p>\n<p>Laut Rogan h\u00e4tten die oppositionellen Sozialisten \u201ein den letzten Jahren dieselben politischen Aktivisten eingesetzt\u201cund angedeutet, dass sie hinter einer Reihe von Protesten steckten, die vor zwei Jahren von Studenten inszeniert wurden.<\/p>\n<blockquote>\n<p>\u201cGewalt oder Vandalismus sind inakzeptabel und k\u00f6nnen nicht als eine Form des politischen Dialogs verstanden werden\u201d, sagte Rogan.<\/p>\n<\/blockquote>\n<p>Nach einer Sitzung des nationalen Sicherheitsausschusses des Parlaments am Dienstag sagte Zsolt Molnar, der sozialistische Leiter des Gremiums, gegen\u00fcber Journalisten, dass die Organisatoren eine friedliche Demonstration angestrebt h\u00e4tten und keine Verantwortung f\u00fcr die Gewalttaten tragen. Er f\u00fcgte hinzu, dass keine Informationen die Behauptungen st\u00fctzten, dass die Inhaftierten irgendeine Verbindung zur Politik h\u00e4tten.<\/p>\n<p>LMP-Abgeordneter Bernadett Szel nannte die Aussagen in der Anh\u00f6rung \u201cpr\u00e4zipit\u00e4r\u201d und forderte weitere Untersuchungen der Demonstration.<\/p>\n<p>Nach der Demonstration am Sonntag gegen die geplante Internetsteuer warfen einige der Demonstranten Steine auf das Fidesz-Hauptquartier in der Lendvay-Stra\u00dfe, schlugen Fenster ein, besch\u00e4digten die Jalousien und rissen einen Teil des Zauns zum Einsturz.<\/p>\n","protected":false},"excerpt":{"rendered":"<p>Budapest, 28. Oktober (MTI) (MTI) \u201eDie Personen, die verd\u00e4chtigt werden, bei einer regierungsfeindlichen Demonstration am Sonntag das Hauptquartier der regierenden Fidesz-Partei zerst\u00f6rt zu haben, sind politische Aktivisten und keine Fu\u00dfball-Hooligans, sagte Antal Rogan, Vorsitzender der Fidesz-Gruppe, am sp\u00e4ten Montag gegen\u00fcber dem Werbespot HirTV. \u201cDie Sozialistische Partei hat diesen Protest eindeutig durch ihre Mitarbeiter arrangiert\u201d, sagte [&hellip;]<\/p>\n","protected":false},"author":2,"featured_media":770995,"comment_status":"open","ping_status":"open","sticky":false,"template":"","format":"standard","meta":{"_acf_changed":false,"_display_image":"","footnotes":""},"categories":[1081],"tags":[1266,1091,1695],"class_list":["post-770994","post","type-post","status-publish","format-standard","has-post-thumbnail","hentry","category-politik","tag-demonstration","tag-fidesz","tag-sozialisten"],"blocksy_meta":[],"acf":[],"author_username":"alk","telegram_post":"","public_post_metadata":{"breaking_news":"","important":"","csempe":"","center_tile":"","disable_thumbnail":"","target_lang":"","_featured_image_style":"","telegram_post":"","_xlat_group_id":""},"public_rank_math_data":{"title":"%title% %sep% %sitename%","description":"","focus_keyword":"","canonical_url":"","robots":"","primary_category":"1081","breadcrumb_title":"","facebook_title":"","facebook_description":"","facebook_image":"","facebook_image_id":"","twitter_title":"","twitter_description":"","twitter_image":"","twitter_image_id":"","twitter_card_type":"","twitter_use_facebook":"","advanced_robots":"","pillar_content":"","seo_score":"","contentai_score":"","rich_snippet":""},"_links":{"self":[{"href":"https:\/\/dailynewshungary.com\/de\/wp-json\/wp\/v2\/posts\/770994","targetHints":{"allow":["GET"]}}],"collection":[{"href":"https:\/\/dailynewshungary.com\/de\/wp-json\/wp\/v2\/posts"}],"about":[{"href":"https:\/\/dailynewshungary.com\/de\/wp-json\/wp\/v2\/types\/post"}],"author":[{"embeddable":true,"href":"https:\/\/dailynewshungary.com\/de\/wp-json\/wp\/v2\/users\/2"}],"replies":[{"embeddable":true,"href":"https:\/\/dailynewshungary.com\/de\/wp-json\/wp\/v2\/comments?post=770994"}],"version-history":[{"count":0,"href":"https:\/\/dailynewshungary.com\/de\/wp-json\/wp\/v2\/posts\/770994\/revisions"}],"wp:featuredmedia":[{"embeddable":true,"href":"https:\/\/dailynewshungary.com\/de\/wp-json\/wp\/v2\/media\/770995"}],"wp:attachment":[{"href":"https:\/\/dailynewshungary.com\/de\/wp-json\/wp\/v2\/media?parent=770994"}],"wp:term":[{"taxonomy":"category","embeddable":true,"href":"https:\/\/dailynewshungary.com\/de\/wp-json\/wp\/v2\/categories?post=770994"},{"taxonomy":"post_tag","embeddable":true,"href":"https:\/\/dailynewshungary.com\/de\/wp-json\/wp\/v2\/tags?post=770994"}],"curies":[{"name":"wp","href":"https:\/\/api.w.org\/{rel}","templated":true}]}}