{"id":771010,"date":"2014-10-27T12:40:10","date_gmt":"2014-10-27T11:40:10","guid":{"rendered":"https:\/\/dailynewshungary.com\/de\/sechs-wegen-nachwirkungen-der-internetsteuerdemo-verhaftet\/"},"modified":"2014-10-27T12:40:10","modified_gmt":"2014-10-27T11:40:10","slug":"sechs-wegen-nachwirkungen-der-internetsteuerdemo-verhaftet","status":"publish","type":"post","link":"https:\/\/dailynewshungary.com\/de\/sechs-wegen-nachwirkungen-der-internetsteuerdemo-verhaftet\/","title":{"rendered":"Sechs wegen Nachwirkungen der Internetsteuerdemo verhaftet"},"content":{"rendered":"<p><strong>Budapest, 27. Oktober (MTI) \u2013 Sechs Personen wurden nach einer regierungsfeindlichen Demonstration am Sonntag von der Polizei wegen Tresspassing im Parteihauptquartier Fidesz in Gewahrsam genommen.<\/strong><\/p>\n<p><span style=\"color: #ff0000;\"><strong>Verwandter Artikel:<\/strong><\/span><br \/>\n<span style=\"color: #ff0000;\"><strong><a href=\"https:\/\/dailynewshungary.com\/de\/demonstranten-fordern-die-rucknahme-der-vorgeschlagenen-internetsteuer\/\" target=\"_blank\"><span style=\"color: #ff0000;\">Demonstranten fordern die Abschaffung der vorgeschlagenen Internetsteuer<\/span><\/a>&nbsp;<\/strong><\/span><\/p>\n<p>Vier M\u00e4nner im Alter von 19-33 Jahren aus Budapest und zwei weitere aus anderen St\u00e4dten im Alter von 26 und 35 Jahren wurden festgenommen, nachdem die Polizei sie im Zusammenhang mit der Zerst\u00f6rung des Hauptquartiers der regierenden Fidesz-Partei in der N\u00e4he des Heldenplatzes nach einer Massendemonstration gegen die neuen Internetsteuerpl\u00e4ne der Regierung befragt hatte, teilte die Polizei am Montag in einer Erkl\u00e4rung mit.<\/p>\n<p>Demonstranten mit verdeckten Gesichtern wurden gesehen, wie sie Gegenst\u00e4nde am Geb\u00e4ude schleppten, die Fenster und den Eingang besch\u00e4digten und durch das Tor auf den Balkon kletterten. Gegen sie seien Verfahren wegen Ruhest\u00f6rung eingeleitet worden, hei\u00dft es in der Erkl\u00e4rung.<\/p>\n<p><em>Foto: MTI \u2013 Laszlo Beliczay<\/em><\/p>\n","protected":false},"excerpt":{"rendered":"<p>Budapest, 27. Oktober (MTI) \u2013 Sechs Personen wurden nach einer regierungsfeindlichen Demonstration am Sonntag von der Polizei wegen Tresspassing im Parteihauptquartier Fidesz in Gewahrsam genommen. Verwandter Artikel: Demonstranten fordern die Abschaffung der vorgeschlagenen Internetsteuer&nbsp; Vier M\u00e4nner im Alter von 19-33 Jahren aus Budapest und zwei weitere aus anderen St\u00e4dten im Alter von 26 und 35 [&hellip;]<\/p>\n","protected":false},"author":2,"featured_media":771011,"comment_status":"open","ping_status":"open","sticky":false,"template":"","format":"standard","meta":{"_acf_changed":false,"_display_image":"","footnotes":""},"categories":[1081],"tags":[1266],"class_list":["post-771010","post","type-post","status-publish","format-standard","has-post-thumbnail","hentry","category-politik","tag-demonstration"],"blocksy_meta":[],"acf":[],"author_username":"alk","telegram_post":"","public_post_metadata":{"breaking_news":"","important":"","csempe":"","center_tile":"","disable_thumbnail":"","target_lang":"","_featured_image_style":"","telegram_post":"","_xlat_group_id":""},"public_rank_math_data":{"title":"%title% %sep% %sitename%","description":"","focus_keyword":"","canonical_url":"","robots":"","primary_category":"1081","breadcrumb_title":"","facebook_title":"","facebook_description":"","facebook_image":"","facebook_image_id":"","twitter_title":"","twitter_description":"","twitter_image":"","twitter_image_id":"","twitter_card_type":"","twitter_use_facebook":"","advanced_robots":"","pillar_content":"","seo_score":"","contentai_score":"","rich_snippet":""},"_links":{"self":[{"href":"https:\/\/dailynewshungary.com\/de\/wp-json\/wp\/v2\/posts\/771010","targetHints":{"allow":["GET"]}}],"collection":[{"href":"https:\/\/dailynewshungary.com\/de\/wp-json\/wp\/v2\/posts"}],"about":[{"href":"https:\/\/dailynewshungary.com\/de\/wp-json\/wp\/v2\/types\/post"}],"author":[{"embeddable":true,"href":"https:\/\/dailynewshungary.com\/de\/wp-json\/wp\/v2\/users\/2"}],"replies":[{"embeddable":true,"href":"https:\/\/dailynewshungary.com\/de\/wp-json\/wp\/v2\/comments?post=771010"}],"version-history":[{"count":0,"href":"https:\/\/dailynewshungary.com\/de\/wp-json\/wp\/v2\/posts\/771010\/revisions"}],"wp:featuredmedia":[{"embeddable":true,"href":"https:\/\/dailynewshungary.com\/de\/wp-json\/wp\/v2\/media\/771011"}],"wp:attachment":[{"href":"https:\/\/dailynewshungary.com\/de\/wp-json\/wp\/v2\/media?parent=771010"}],"wp:term":[{"taxonomy":"category","embeddable":true,"href":"https:\/\/dailynewshungary.com\/de\/wp-json\/wp\/v2\/categories?post=771010"},{"taxonomy":"post_tag","embeddable":true,"href":"https:\/\/dailynewshungary.com\/de\/wp-json\/wp\/v2\/tags?post=771010"}],"curies":[{"name":"wp","href":"https:\/\/api.w.org\/{rel}","templated":true}]}}