{"id":771038,"date":"2014-10-24T23:26:58","date_gmt":"2014-10-24T21:26:58","guid":{"rendered":"https:\/\/dailynewshungary.com\/de\/orban-eu-klima-energiestrategie-um-den-ungarischen-haushalt-nicht-zu-belasten-reaktionen\/"},"modified":"2014-10-24T23:26:58","modified_gmt":"2014-10-24T21:26:58","slug":"orban-eu-klima-energiestrategie-um-den-ungarischen-haushalt-nicht-zu-belasten-reaktionen","status":"publish","type":"post","link":"https:\/\/dailynewshungary.com\/de\/orban-eu-klima-energiestrategie-um-den-ungarischen-haushalt-nicht-zu-belasten-reaktionen\/","title":{"rendered":"Orban: EU-Klima, Energiestrategie, um den ungarischen Haushalt nicht zu belasten. \u2013 Reaktionen"},"content":{"rendered":"<p><strong>Br\u00fcssel, den 24. Oktober (MTI) \u2013 Die neue Klima &#8211; und Energiestrategie der Europ\u00e4ischen Union wird den Haushalt Ungarns nicht stark belasten, sagte Ministerpr\u00e4sident Viktor Orban nach einem Gipfeltreffen der europ\u00e4ischen Staats &#8211; und Regierungschefs am Freitag in Br\u00fcssel.<\/strong><\/p>\n<p>Auf dem Gipfel sei es f\u00fcr Ungarn von entscheidender Bedeutung, jede Entscheidung zu verhindern, die die Pl\u00e4ne der Regierung zur Senkung der Energiepreise vereiteln und ihr Programm zur K\u00fcrzung der Versorgungsleistungen fortsetzen w\u00fcrde, sagte Orban.<\/p>\n<p>Ungarn habe sich au\u00dferdem zum Ziel gesetzt, es in die nationale Zust\u00e4ndigkeit jedes Landes zu legen, zu entscheiden, wie es umweltsch\u00e4dliche Emissionen reduzieren oder Energiequellen zur Deckung der Inlandsnachfrage ausw\u00e4hlen m\u00f6chte, sagte Orban und f\u00fcgte hinzu, dass diese Ziele erreicht worden seien.<\/p>\n<p>Orban f\u00fcgte au\u00dferdem hinzu, dass die Entwicklung der Kernenergie noch vorangetrieben werden k\u00f6nne.<\/p>\n<p>Bez\u00fcglich der Energiesicherheit sagte Orban, dass die Teilnehmer ihre Unterst\u00fctzung f\u00fcr die Finanzierung von S\u00fcd-Nord-Infrastrukturentwicklungen zum Ausdruck gebracht h\u00e4tten.<\/p>\n<p>Die EU-Strategie impliziere keine strengen Emissionsreduktionskriterien f\u00fcr Industrien mit der h\u00f6chsten Kohlendioxidproduktion, um zu verhindern, dass diese Sektoren in andere L\u00e4nder verlagert w\u00fcrden, in denen es keine solchen Anforderungen gebe, sagte Orban und verwies auf Automobil- oder Reifenfabriken in Ungarn.<\/p>\n<p>Zu einem anderen Thema sagte der Ministerpr\u00e4sident, dass die Wirtschaftsindikatoren Ungarns sowohl f\u00fcr dieses als auch f\u00fcr das n\u00e4chste Jahr \u201cin Ordnung sein werden\u201d Er f\u00fcgte hinzu, dass sich die Staatsverschuldung Ungarns \u201cbald als noch niedriger erweisen k\u00f6nnte als erwartet\u201d.<\/p>\n<p>Bernadett Szel, Co-Vorsitzender der gr\u00fcnen LMP, sagte, die Regierung habe \u201cf\u00fcr die falsche Sache gelobt\u201d. Szel kritisierte den Premierminister daf\u00fcr, dass er \u201ces als Errungenschaft zur Senkung der Umweltanforderungen f\u00fcr Ungarn interpretiert\u201d und sagte, es sei ein Beweis f\u00fcr das kurzfristige Denken der Regierung. Dieser Ansatz, betonte sie, sei unverantwortlich und werde die Wettbewerbsf\u00e4higkeit Ungarns auf lange Sicht ernsthaft beeintr\u00e4chtigen.<\/p>\n<p>Das neue europ\u00e4ische Abkommen \u201cbirgt praktisch keine Verpflichtungen\u201d f\u00fcr Ungarn; die EU habe dem Klimaschutz eine geringere Priorit\u00e4t einger\u00e4umt, indem sie generische Empfehlungen statt verbindlicher Verpflichtungen auf nationaler Ebene verabschiedet habe, sagte Szel.<\/p>\n<p><em>Foto: MTI\/Premierministerb\u00fcro \u2013 Barna Burger<\/em><\/p>\n","protected":false},"excerpt":{"rendered":"<p>Br\u00fcssel, den 24. Oktober (MTI) \u2013 Die neue Klima &#8211; und Energiestrategie der Europ\u00e4ischen Union wird den Haushalt Ungarns nicht stark belasten, sagte Ministerpr\u00e4sident Viktor Orban nach einem Gipfeltreffen der europ\u00e4ischen Staats &#8211; und Regierungschefs am Freitag in Br\u00fcssel. Auf dem Gipfel sei es f\u00fcr Ungarn von entscheidender Bedeutung, jede Entscheidung zu verhindern, die die [&hellip;]<\/p>\n","protected":false},"author":2,"featured_media":771039,"comment_status":"open","ping_status":"open","sticky":false,"template":"","format":"standard","meta":{"_acf_changed":false,"_display_image":"","footnotes":""},"categories":[1081],"tags":[1082,1128],"class_list":["post-771038","post","type-post","status-publish","format-standard","has-post-thumbnail","hentry","category-politik","tag-europaische-union","tag-viktor-orban"],"blocksy_meta":[],"acf":[],"author_username":"alk","telegram_post":"","public_post_metadata":{"breaking_news":"","important":"","csempe":"","center_tile":"","disable_thumbnail":"","target_lang":"","_featured_image_style":"","telegram_post":"","_xlat_group_id":""},"public_rank_math_data":{"title":"%title% %sep% %sitename%","description":"","focus_keyword":"","canonical_url":"","robots":"","primary_category":"1081","breadcrumb_title":"","facebook_title":"","facebook_description":"","facebook_image":"","facebook_image_id":"","twitter_title":"","twitter_description":"","twitter_image":"","twitter_image_id":"","twitter_card_type":"","twitter_use_facebook":"","advanced_robots":"","pillar_content":"","seo_score":"","contentai_score":"","rich_snippet":""},"_links":{"self":[{"href":"https:\/\/dailynewshungary.com\/de\/wp-json\/wp\/v2\/posts\/771038","targetHints":{"allow":["GET"]}}],"collection":[{"href":"https:\/\/dailynewshungary.com\/de\/wp-json\/wp\/v2\/posts"}],"about":[{"href":"https:\/\/dailynewshungary.com\/de\/wp-json\/wp\/v2\/types\/post"}],"author":[{"embeddable":true,"href":"https:\/\/dailynewshungary.com\/de\/wp-json\/wp\/v2\/users\/2"}],"replies":[{"embeddable":true,"href":"https:\/\/dailynewshungary.com\/de\/wp-json\/wp\/v2\/comments?post=771038"}],"version-history":[{"count":0,"href":"https:\/\/dailynewshungary.com\/de\/wp-json\/wp\/v2\/posts\/771038\/revisions"}],"wp:featuredmedia":[{"embeddable":true,"href":"https:\/\/dailynewshungary.com\/de\/wp-json\/wp\/v2\/media\/771039"}],"wp:attachment":[{"href":"https:\/\/dailynewshungary.com\/de\/wp-json\/wp\/v2\/media?parent=771038"}],"wp:term":[{"taxonomy":"category","embeddable":true,"href":"https:\/\/dailynewshungary.com\/de\/wp-json\/wp\/v2\/categories?post=771038"},{"taxonomy":"post_tag","embeddable":true,"href":"https:\/\/dailynewshungary.com\/de\/wp-json\/wp\/v2\/tags?post=771038"}],"curies":[{"name":"wp","href":"https:\/\/api.w.org\/{rel}","templated":true}]}}