{"id":771098,"date":"2014-10-19T20:01:07","date_gmt":"2014-10-19T18:01:07","guid":{"rendered":"https:\/\/dailynewshungary.com\/de\/orban-schaffung-von-arbeitsplatzen-bildungsreform-hauptschwerpunkt\/"},"modified":"2014-10-19T20:01:07","modified_gmt":"2014-10-19T18:01:07","slug":"orban-schaffung-von-arbeitsplatzen-bildungsreform-hauptschwerpunkt","status":"publish","type":"post","link":"https:\/\/dailynewshungary.com\/de\/orban-schaffung-von-arbeitsplatzen-bildungsreform-hauptschwerpunkt\/","title":{"rendered":"Orban: Schaffung von Arbeitspl\u00e4tzen, Bildungsreform Hauptschwerpunkt"},"content":{"rendered":"<p><strong>Budapest, 19. Oktober (MTI) (Zu den Hauptzielen der k\u00fcnftigen Regierung geh\u00f6ren die Erreichung der Vollbesch\u00e4ftigung bis 2018 und die Reform des \u00f6ffentlichen Bildungssystems, sagte Premierminister Viktor Orban in einer Rede vor der Vorlage des Haushalts 2015 im Parlament am Montag.<\/strong><\/p>\n<p>\u201cAm Horizont steht ein gesundheitsbewusstes, erfolgreiches Volk..\u201d, sagte Orban in einer 20-min\u00fctigen Rede, die am Sonntag im Millennium Park stattfand und in der er auch den \u00fcberw\u00e4ltigenden Sieg der Fidesz-Partei bei den j\u00fcngsten Kommunalwahlen bewertete.<\/p>\n<p>Orban sagte, es g\u00e4be 17.000 Menschen 8, im Jahr 2010 waren es \u00fcber 50.000, die sich gegen \u00fcber 50 aussprachen. \u201eDiese Tatsache zeigt immer noch, dass es in Zukunft mehr Arbeitspl\u00e4tze geben wird, wenn Fidesz das Land regiert. Er sagte, dass diese Menschen bis 2018 arbeiten und von Sozialleistungen abgezogen w\u00fcrden und \u201emoderne europ\u00e4ische Industriezentren\u201canstelle der ehemaligen sozialistischen Industriest\u00e4dte entstehen w\u00fcrden\u201d.<\/p>\n<p>Zum Thema Bildung sagte er, seine Regierung plane, in den n\u00e4chsten Jahren \u201cdas beste Schulsystem Europas\u201d zu schaffen, \u201cmit Unterst\u00fctzung des Wirtschaftsministers\u201d.<\/p>\n<p>Er sagte dem Publikum der Ortsb\u00fcrgermeister und Abgeordneten, man solle sich nicht \u201cvom Zynismus verf\u00fchren lassen\u201d.<\/p>\n<blockquote>\n<p>\u201cSie haben f\u00fcnf Jahre Zeit, um Ihre Arbeit zu durchschauen; das ist ein Zustand der Gnade,\u201d sagte er ihnen \u201cGeh Ungarn, geh Ungarn!\u201d, f\u00fcgte er hinzu.<\/p>\n<\/blockquote>\n<p>Als Reaktion auf Orbans Rede sagten die Sozialisten, dass Ungarn nicht nur die Heimat von Fidesz-Anh\u00e4ngern sei, sondern auch die 6 Millionen W\u00e4hler, die ihre Stimme nicht f\u00fcr die Regierungspartei abgegeben h\u00e4tten. Zoltan Gogos, der stellvertretende Vorsitzende der Partei, sagte, das Land geh\u00f6re auch zu den B\u00fcrgern, die \u201eim Ausland geflohen und der Armut im Inland entkommen sind\u201cNicht nur arbeitslose Menschen geraten in die N\u00e4he von Entbehrungen, sondern auch Menschen, die arbeiten, aber nicht mehr als 65.000 Forint (212 EUR) pro Monat verdienen k\u00f6nnen, sagte er.<\/p>\n<p><em>Foto: MTI \u2013 Szilard Koszticsak<\/em><\/p>\n","protected":false},"excerpt":{"rendered":"<p>Budapest, 19. Oktober (MTI) (Zu den Hauptzielen der k\u00fcnftigen Regierung geh\u00f6ren die Erreichung der Vollbesch\u00e4ftigung bis 2018 und die Reform des \u00f6ffentlichen Bildungssystems, sagte Premierminister Viktor Orban in einer Rede vor der Vorlage des Haushalts 2015 im Parlament am Montag. \u201cAm Horizont steht ein gesundheitsbewusstes, erfolgreiches Volk..\u201d, sagte Orban in einer 20-min\u00fctigen Rede, die am [&hellip;]<\/p>\n","protected":false},"author":2,"featured_media":771099,"comment_status":"open","ping_status":"open","sticky":false,"template":"","format":"standard","meta":{"_acf_changed":false,"_display_image":"","footnotes":""},"categories":[1081],"tags":[1128],"class_list":["post-771098","post","type-post","status-publish","format-standard","has-post-thumbnail","hentry","category-politik","tag-viktor-orban"],"blocksy_meta":[],"acf":[],"author_username":"alk","telegram_post":"","public_post_metadata":{"breaking_news":"","important":"","csempe":"","center_tile":"","disable_thumbnail":"","target_lang":"","_featured_image_style":"","telegram_post":"","_xlat_group_id":""},"public_rank_math_data":{"title":"%title% %sep% %sitename%","description":"","focus_keyword":"","canonical_url":"","robots":"","primary_category":"1081","breadcrumb_title":"","facebook_title":"","facebook_description":"","facebook_image":"","facebook_image_id":"","twitter_title":"","twitter_description":"","twitter_image":"","twitter_image_id":"","twitter_card_type":"","twitter_use_facebook":"","advanced_robots":"","pillar_content":"","seo_score":"","contentai_score":"","rich_snippet":""},"_links":{"self":[{"href":"https:\/\/dailynewshungary.com\/de\/wp-json\/wp\/v2\/posts\/771098","targetHints":{"allow":["GET"]}}],"collection":[{"href":"https:\/\/dailynewshungary.com\/de\/wp-json\/wp\/v2\/posts"}],"about":[{"href":"https:\/\/dailynewshungary.com\/de\/wp-json\/wp\/v2\/types\/post"}],"author":[{"embeddable":true,"href":"https:\/\/dailynewshungary.com\/de\/wp-json\/wp\/v2\/users\/2"}],"replies":[{"embeddable":true,"href":"https:\/\/dailynewshungary.com\/de\/wp-json\/wp\/v2\/comments?post=771098"}],"version-history":[{"count":0,"href":"https:\/\/dailynewshungary.com\/de\/wp-json\/wp\/v2\/posts\/771098\/revisions"}],"wp:featuredmedia":[{"embeddable":true,"href":"https:\/\/dailynewshungary.com\/de\/wp-json\/wp\/v2\/media\/771099"}],"wp:attachment":[{"href":"https:\/\/dailynewshungary.com\/de\/wp-json\/wp\/v2\/media?parent=771098"}],"wp:term":[{"taxonomy":"category","embeddable":true,"href":"https:\/\/dailynewshungary.com\/de\/wp-json\/wp\/v2\/categories?post=771098"},{"taxonomy":"post_tag","embeddable":true,"href":"https:\/\/dailynewshungary.com\/de\/wp-json\/wp\/v2\/tags?post=771098"}],"curies":[{"name":"wp","href":"https:\/\/api.w.org\/{rel}","templated":true}]}}