{"id":771106,"date":"2014-10-19T10:15:58","date_gmt":"2014-10-19T08:15:58","guid":{"rendered":"https:\/\/dailynewshungary.com\/de\/sozialisten-wahlen-im-dezember-neue-richtungen\/"},"modified":"2014-10-19T10:15:58","modified_gmt":"2014-10-19T08:15:58","slug":"sozialisten-wahlen-im-dezember-neue-richtungen","status":"publish","type":"post","link":"https:\/\/dailynewshungary.com\/de\/sozialisten-wahlen-im-dezember-neue-richtungen\/","title":{"rendered":"Sozialisten w\u00e4hlen im Dezember neue Richtungen"},"content":{"rendered":"<p><strong>Budapest (MTI) \u201eDie Sozialistische Partei wird auf einer nationalen Konferenz am 13. Dezember Entscheidungen \u00fcber Ver\u00e4nderungen in der Partei und neue Richtungen f\u00fcr die linke Politik treffen, sagte der Vorsitzende des sozialistischen Vorstands am Samstag auf einer Pressekonferenz.<\/strong><\/p>\n<p>Laszlo Botka sagte, dass seine Partei zwar alle drei Wahlen in diesem Jahr verloren habe, die Sozialisten jedoch \u201eeine linke Alternative zu Orbans System aufbauen\u201csollen\u201d. Er sagte, dass die Partei in den n\u00e4chsten zwei Monaten den Grundstein f\u00fcr eine neue Sozialistische Partei legen werde.<\/p>\n<p>Botka sagte auch, dass er nach seiner Wiederwahl als B\u00fcrgermeister des s\u00fcdungarischen Szeged von seinem Sitz im Parlament zur\u00fcckgetreten seiDein Mandat werde auf Beschluss des Vorstands an Zoltan Gogos gehenf\u00fcgte er hinzu.<\/p>\n","protected":false},"excerpt":{"rendered":"<p>Budapest (MTI) \u201eDie Sozialistische Partei wird auf einer nationalen Konferenz am 13. Dezember Entscheidungen \u00fcber Ver\u00e4nderungen in der Partei und neue Richtungen f\u00fcr die linke Politik treffen, sagte der Vorsitzende des sozialistischen Vorstands am Samstag auf einer Pressekonferenz. Laszlo Botka sagte, dass seine Partei zwar alle drei Wahlen in diesem Jahr verloren habe, die Sozialisten [&hellip;]<\/p>\n","protected":false},"author":2,"featured_media":771107,"comment_status":"open","ping_status":"open","sticky":false,"template":"","format":"standard","meta":{"_acf_changed":false,"_display_image":"","footnotes":""},"categories":[1081],"tags":[1695],"class_list":["post-771106","post","type-post","status-publish","format-standard","has-post-thumbnail","hentry","category-politik","tag-sozialisten"],"blocksy_meta":[],"acf":[],"author_username":"alk","telegram_post":"","public_post_metadata":{"breaking_news":"","important":"","csempe":"","center_tile":"","disable_thumbnail":"","target_lang":"","_featured_image_style":"","telegram_post":"","_xlat_group_id":""},"public_rank_math_data":{"title":"%title% %sep% %sitename%","description":"","focus_keyword":"","canonical_url":"","robots":"","primary_category":"1081","breadcrumb_title":"","facebook_title":"","facebook_description":"","facebook_image":"","facebook_image_id":"","twitter_title":"","twitter_description":"","twitter_image":"","twitter_image_id":"","twitter_card_type":"","twitter_use_facebook":"","advanced_robots":"","pillar_content":"","seo_score":"","contentai_score":"","rich_snippet":""},"_links":{"self":[{"href":"https:\/\/dailynewshungary.com\/de\/wp-json\/wp\/v2\/posts\/771106","targetHints":{"allow":["GET"]}}],"collection":[{"href":"https:\/\/dailynewshungary.com\/de\/wp-json\/wp\/v2\/posts"}],"about":[{"href":"https:\/\/dailynewshungary.com\/de\/wp-json\/wp\/v2\/types\/post"}],"author":[{"embeddable":true,"href":"https:\/\/dailynewshungary.com\/de\/wp-json\/wp\/v2\/users\/2"}],"replies":[{"embeddable":true,"href":"https:\/\/dailynewshungary.com\/de\/wp-json\/wp\/v2\/comments?post=771106"}],"version-history":[{"count":0,"href":"https:\/\/dailynewshungary.com\/de\/wp-json\/wp\/v2\/posts\/771106\/revisions"}],"wp:featuredmedia":[{"embeddable":true,"href":"https:\/\/dailynewshungary.com\/de\/wp-json\/wp\/v2\/media\/771107"}],"wp:attachment":[{"href":"https:\/\/dailynewshungary.com\/de\/wp-json\/wp\/v2\/media?parent=771106"}],"wp:term":[{"taxonomy":"category","embeddable":true,"href":"https:\/\/dailynewshungary.com\/de\/wp-json\/wp\/v2\/categories?post=771106"},{"taxonomy":"post_tag","embeddable":true,"href":"https:\/\/dailynewshungary.com\/de\/wp-json\/wp\/v2\/tags?post=771106"}],"curies":[{"name":"wp","href":"https:\/\/api.w.org\/{rel}","templated":true}]}}