{"id":771224,"date":"2014-10-10T11:30:01","date_gmt":"2014-10-10T09:30:01","guid":{"rendered":"https:\/\/dailynewshungary.com\/de\/die-ungarn-wollen-die-politik-der-einheit-weiterfuhren-sagt-orban\/"},"modified":"2014-10-10T11:30:01","modified_gmt":"2014-10-10T09:30:01","slug":"die-ungarn-wollen-die-politik-der-einheit-weiterfuhren-sagt-orban","status":"publish","type":"post","link":"https:\/\/dailynewshungary.com\/de\/die-ungarn-wollen-die-politik-der-einheit-weiterfuhren-sagt-orban\/","title":{"rendered":"Die Ungarn wollen die Politik der Einheit weiterf\u00fchren, sagt Orban"},"content":{"rendered":"<p><strong>Budapest, 10. Oktober (MTI) \u2013 Da die Politik der Einheit und des Zusammenhalts der Regierung in den letzten vier Jahren zu Ergebnissen gef\u00fchrt hat, m\u00f6chte eine gro\u00dfe Mehrheit der Ungarn diese Politik fortsetzen, sagte der Premierminister in einem Interview mit Kossuth \u00f6ffentlich Radio heute.<\/strong><\/p>\n<p>\u00dcber die Aussichten bei den Kommunalwahlen am Sonntag sagte Viktor Orban: \u201eDas Land hat einen Vorgeschmack auf Zusammenhalt und Einheit gehabt, und das bringt uns wirklich Wind in die Segel.\u201cEr sagte, er wolle nicht so tun, als ob die Regierungsseite und die Opposition gleichberechtigt seien in der Gegenwart.<\/p>\n<p>Am Tag nach der Wahl, am Montagabend und dann am gesamten Dienstag, werde die Regierung eine Sitzung in Budapest abhalten, sagte er.<\/p>\n<p>Orban sagte, dass er von der Regierung erwarte, dass sie ihre Arbeit in der kommenden Zeit beschleunigt. \u201eEr sagte, es werde auch nationale Konsultationen geben\u201c\u201eIch m\u00f6chte die Konsultationspolitik fortsetzen\u201d, sagte er.<\/p>\n<p>Der Premierminister sagte, dass Istvan Tarlos, der von der Fidesz unterst\u00fctzte amtierende B\u00fcrgermeister von Budapest, ein au\u00dfergew\u00f6hnlicher Anf\u00fchrer der Stadt sei und dass die Stadt als \u201eechter Budapester\u201ceinen vertrauensw\u00fcrdigen Verwalter habe. \u201eMenschen wie er und sie werden ihm zur Seite stehen\u201d, sagte er.<\/p>\n<p>Er merkte an, dass das Land nach den Kommunalwahlen gut dreieinhalb Jahre lang nicht \u201cim Wahlkampfmodus\u201d sein werde, Orban sagte, er hoffe, dass auch die Opposition versuchen werde, etwas zum Erfolg des Landes beizutragen.<\/p>\n<p>Zum Thema Haushalt f\u00fcr das n\u00e4chste Jahr sagte Orban, er werde sich am Freitag mit Mihaly Varga, dem Wirtschaftsminister, beraten. Orban betonte, dass Varga \u201ekeinen Sinn darin sieht, zu einem wirtschaftspolitischen Weg zur\u00fcckzukehren, der im Land unter den Sozialisten typisch ist und der Logik der Sparma\u00dfnahmen und Verteilung folgt.\u201c\u201d<\/p>\n<p>Zur bildungspolitischen Auseinandersetzung sagte er, die Entscheidung \u00fcber die Umgestaltung des Systems f\u00fcr eine duale Berufsausbildung werde noch in diesem Jahr fallen \u201cF\u00fcr ein erfolgreiches Leben geht der Weg \u00fcber Berufungen\u201d, sagte er.<\/p>\n<p>Im Zusammenhang mit seinem Treffen am Mittwoch mit Bundeskanzlerin Angela Merkel sagte er, die deutsche Vorgehensweise mache die erfolgreichste Wirtschaftspolitik \u201eDie Deutschen sparen, was in der Zeit einer Wirtschaftskrise immer Sinn macht&#8230; Hier k\u00f6nnen wir viel mehr \u00fcber den Erfolg der deutschen Mentalit\u00e4t und Kultur der Arbeit sprechen als \u00fcber die Klugheit der Politikgestaltung.\u201c\u201d<\/p>\n<p>Der Premierminister sagte, dass gleichzeitig, was Ungarn betrifft, \u201cdie aufregendsten Dinge in England passieren\u201d, da die Briten \u201cDinge tun und Dinge sagen, vom Standpunkt der Unorthod-Konkurrenz mit Ungarn, f\u00fcr die die Menschen in Ungarn gesteinigt werden, w\u00e4hrend dort [im Vereinigten K\u00f6nigreich] alles zusammen mit dem Jubel der englischen Presse und \u00d6ffentlichkeit geschieht\u201d David Cameron, der britische Premierminister, hat in einer Rede vor nur wenigen Tagen \u201cnur die H\u00e4lfte davon gesagt, selbst wenn ich sie denke\u201d Orban f\u00fchrte als Beispiel das Vereinigte K\u00f6nigreich an, das \u201cbestimmte europ\u00e4ische Dokumente missachtet\u201d.<\/p>\n<p><em>Foto: MTI \u2013 Szilard Koszticsak<\/em><\/p>\n","protected":false},"excerpt":{"rendered":"<p>Budapest, 10. Oktober (MTI) \u2013 Da die Politik der Einheit und des Zusammenhalts der Regierung in den letzten vier Jahren zu Ergebnissen gef\u00fchrt hat, m\u00f6chte eine gro\u00dfe Mehrheit der Ungarn diese Politik fortsetzen, sagte der Premierminister in einem Interview mit Kossuth \u00f6ffentlich Radio heute. \u00dcber die Aussichten bei den Kommunalwahlen am Sonntag sagte Viktor Orban: [&hellip;]<\/p>\n","protected":false},"author":2,"featured_media":771225,"comment_status":"open","ping_status":"open","sticky":false,"template":"","format":"standard","meta":{"_acf_changed":false,"_display_image":"","footnotes":""},"categories":[1081],"tags":[1128],"class_list":["post-771224","post","type-post","status-publish","format-standard","has-post-thumbnail","hentry","category-politik","tag-viktor-orban"],"blocksy_meta":[],"acf":[],"author_username":"alk","telegram_post":"","public_post_metadata":{"breaking_news":"","important":"","csempe":"","center_tile":"","disable_thumbnail":"","target_lang":"","_featured_image_style":"","telegram_post":"","_xlat_group_id":""},"public_rank_math_data":{"title":"%title% %sep% %sitename%","description":"","focus_keyword":"","canonical_url":"","robots":"","primary_category":"1081","breadcrumb_title":"","facebook_title":"","facebook_description":"","facebook_image":"","facebook_image_id":"","twitter_title":"","twitter_description":"","twitter_image":"","twitter_image_id":"","twitter_card_type":"","twitter_use_facebook":"","advanced_robots":"","pillar_content":"","seo_score":"","contentai_score":"","rich_snippet":""},"_links":{"self":[{"href":"https:\/\/dailynewshungary.com\/de\/wp-json\/wp\/v2\/posts\/771224","targetHints":{"allow":["GET"]}}],"collection":[{"href":"https:\/\/dailynewshungary.com\/de\/wp-json\/wp\/v2\/posts"}],"about":[{"href":"https:\/\/dailynewshungary.com\/de\/wp-json\/wp\/v2\/types\/post"}],"author":[{"embeddable":true,"href":"https:\/\/dailynewshungary.com\/de\/wp-json\/wp\/v2\/users\/2"}],"replies":[{"embeddable":true,"href":"https:\/\/dailynewshungary.com\/de\/wp-json\/wp\/v2\/comments?post=771224"}],"version-history":[{"count":0,"href":"https:\/\/dailynewshungary.com\/de\/wp-json\/wp\/v2\/posts\/771224\/revisions"}],"wp:featuredmedia":[{"embeddable":true,"href":"https:\/\/dailynewshungary.com\/de\/wp-json\/wp\/v2\/media\/771225"}],"wp:attachment":[{"href":"https:\/\/dailynewshungary.com\/de\/wp-json\/wp\/v2\/media?parent=771224"}],"wp:term":[{"taxonomy":"category","embeddable":true,"href":"https:\/\/dailynewshungary.com\/de\/wp-json\/wp\/v2\/categories?post=771224"},{"taxonomy":"post_tag","embeddable":true,"href":"https:\/\/dailynewshungary.com\/de\/wp-json\/wp\/v2\/tags?post=771224"}],"curies":[{"name":"wp","href":"https:\/\/api.w.org\/{rel}","templated":true}]}}