{"id":771236,"date":"2014-10-09T11:52:30","date_gmt":"2014-10-09T09:52:30","guid":{"rendered":"https:\/\/dailynewshungary.com\/de\/orban-ungarn-schafft-arbeitsplatze-und-behalt-gleichzeitig-die-haushaltsdisziplin-bei\/"},"modified":"2014-10-09T11:52:30","modified_gmt":"2014-10-09T09:52:30","slug":"orban-ungarn-schafft-arbeitsplatze-und-behalt-gleichzeitig-die-haushaltsdisziplin-bei","status":"publish","type":"post","link":"https:\/\/dailynewshungary.com\/de\/orban-ungarn-schafft-arbeitsplatze-und-behalt-gleichzeitig-die-haushaltsdisziplin-bei\/","title":{"rendered":"Orban: Ungarn schafft Arbeitspl\u00e4tze und beh\u00e4lt gleichzeitig die Haushaltsdisziplin bei"},"content":{"rendered":"<p><strong>(MTI) 6 Ungarn habe bewiesen, dass es m\u00f6glich sei, Arbeitspl\u00e4tze zu schaffen und gleichzeitig die Haushaltsdisziplin aufrechtzuerhalten und die Staatsverschuldung zu reduzieren, sagte Premierminister Viktor Orban am Mittwoch vor einem EU-Gipfel in Mailand.<\/strong><\/p>\n<p>Ungarn senke die Staatsverschuldung, halte sein Haushaltsdefizit in Schach und stimuliere gleichzeitig das Wirtschaftswachstum, was wiederum einen R\u00fcckgang der Arbeitslosigkeit ausl\u00f6se, sagte Orban den \u00f6ffentlichen Medien im Vorfeld eines Gipfels, bei dem es um Besch\u00e4ftigung gehe.<\/p>\n<p>Er f\u00fcgte hinzu, er werde die EU dringend auffordern, diesen Weg nicht abzulenken, sondern andere Elemente an diese \u201cvern\u00fcnftige Wirtschaftspolitik\u201d anzupassen.<\/p>\n<p>\u201cUngarn ist eines der wenigen L\u00e4nder, das etwas dar\u00fcber zu sagen hat, wie man die Arbeitslosigkeit senken kann\u201d, sagte er und f\u00fcgte hinzu, dass in Ungarn die Arbeitslosenquote von \u00fcber 11 Prozent im Jahr 2010 auf 7,6-7,8 Prozent in letzter Zeit gesunken sei. Orban sagte, er werde den Teilnehmern des Gipfels ungarische Ideen \u00fcber eine arbeitsbezogene Sozialpolitik vorstellen.<\/p>\n<p>\u201cJetzt, wo wir hier sind, werden wir nicht nur dar\u00fcber sprechen, sondern die Minister der Europ\u00e4ischen Union bitten, die Wirtschaftspolitik Ungarns in Zukunft zu unterst\u00fctzen\u201d, f\u00fcgte er hinzu.<\/p>\n<p>Er sagte, er werde um Unterst\u00fctzung f\u00fcr die Rettung von Forex-Kreditnehmern, K\u00fcrzungen der Nebenkostenabrechnungen und generell eine ungarische Wirtschaftspolitik bitten, die \u201cin mehreren Punkten von einer allgemeinen europ\u00e4ischen Politik abweicht\u201d Erfolge und Fakten sprechen jedoch f\u00fcr sich, sagte er.<\/p>\n<p>Die Staats &#8211; und Regierungschefs der EU werden sich beim Gipfel in Mailand auf hohe Jugendarbeitslosenquoten konzentrieren Dieses Treffen folgt auf \u00e4hnliche, die letztes Jahr in Berlin und Paris abgehalten wurden.<\/p>\n<p><em>Foto: B\u00fcro des Premierministers\/Barna Burger<\/em><\/p>\n","protected":false},"excerpt":{"rendered":"<p>(MTI) 6 Ungarn habe bewiesen, dass es m\u00f6glich sei, Arbeitspl\u00e4tze zu schaffen und gleichzeitig die Haushaltsdisziplin aufrechtzuerhalten und die Staatsverschuldung zu reduzieren, sagte Premierminister Viktor Orban am Mittwoch vor einem EU-Gipfel in Mailand. Ungarn senke die Staatsverschuldung, halte sein Haushaltsdefizit in Schach und stimuliere gleichzeitig das Wirtschaftswachstum, was wiederum einen R\u00fcckgang der Arbeitslosigkeit ausl\u00f6se, sagte [&hellip;]<\/p>\n","protected":false},"author":2,"featured_media":771237,"comment_status":"open","ping_status":"open","sticky":false,"template":"","format":"standard","meta":{"_acf_changed":false,"_display_image":"","footnotes":""},"categories":[1081],"tags":[1082,1128],"class_list":["post-771236","post","type-post","status-publish","format-standard","has-post-thumbnail","hentry","category-politik","tag-europaische-union","tag-viktor-orban"],"blocksy_meta":[],"acf":[],"author_username":"alk","telegram_post":"","public_post_metadata":{"breaking_news":"","important":"","csempe":"","center_tile":"","disable_thumbnail":"","target_lang":"","_featured_image_style":"","telegram_post":"","_xlat_group_id":""},"public_rank_math_data":{"title":"%title% %sep% %sitename%","description":"","focus_keyword":"","canonical_url":"","robots":"","primary_category":"1081","breadcrumb_title":"","facebook_title":"","facebook_description":"","facebook_image":"","facebook_image_id":"","twitter_title":"","twitter_description":"","twitter_image":"","twitter_image_id":"","twitter_card_type":"","twitter_use_facebook":"","advanced_robots":"","pillar_content":"","seo_score":"","contentai_score":"","rich_snippet":""},"_links":{"self":[{"href":"https:\/\/dailynewshungary.com\/de\/wp-json\/wp\/v2\/posts\/771236","targetHints":{"allow":["GET"]}}],"collection":[{"href":"https:\/\/dailynewshungary.com\/de\/wp-json\/wp\/v2\/posts"}],"about":[{"href":"https:\/\/dailynewshungary.com\/de\/wp-json\/wp\/v2\/types\/post"}],"author":[{"embeddable":true,"href":"https:\/\/dailynewshungary.com\/de\/wp-json\/wp\/v2\/users\/2"}],"replies":[{"embeddable":true,"href":"https:\/\/dailynewshungary.com\/de\/wp-json\/wp\/v2\/comments?post=771236"}],"version-history":[{"count":0,"href":"https:\/\/dailynewshungary.com\/de\/wp-json\/wp\/v2\/posts\/771236\/revisions"}],"wp:featuredmedia":[{"embeddable":true,"href":"https:\/\/dailynewshungary.com\/de\/wp-json\/wp\/v2\/media\/771237"}],"wp:attachment":[{"href":"https:\/\/dailynewshungary.com\/de\/wp-json\/wp\/v2\/media?parent=771236"}],"wp:term":[{"taxonomy":"category","embeddable":true,"href":"https:\/\/dailynewshungary.com\/de\/wp-json\/wp\/v2\/categories?post=771236"},{"taxonomy":"post_tag","embeddable":true,"href":"https:\/\/dailynewshungary.com\/de\/wp-json\/wp\/v2\/tags?post=771236"}],"curies":[{"name":"wp","href":"https:\/\/api.w.org\/{rel}","templated":true}]}}