{"id":771310,"date":"2014-10-03T19:54:56","date_gmt":"2014-10-03T17:54:56","guid":{"rendered":"https:\/\/dailynewshungary.com\/de\/ungarn-soll-die-militartechnologie-verbessern-sagt-orban\/"},"modified":"2014-10-03T19:54:56","modified_gmt":"2014-10-03T17:54:56","slug":"ungarn-soll-die-militartechnologie-verbessern-sagt-orban","status":"publish","type":"post","link":"https:\/\/dailynewshungary.com\/de\/ungarn-soll-die-militartechnologie-verbessern-sagt-orban\/","title":{"rendered":"Ungarn soll die Milit\u00e4rtechnologie verbessern, sagt Orban"},"content":{"rendered":"<p><strong>(MTI) \u2013 Das ungarische Milit\u00e4r steht an der Schwelle zu einem \u201ctechnischen Modernisierungsprozess\u201d, sagte Ministerpr\u00e4sident Viktor Orban am Donnerstag den \u00f6ffentlichen Medien.<\/strong><\/p>\n<p>Nach Beobachtung einer Milit\u00e4r\u00fcbung in Osku, in Westungarn, sagte Orban, dass es notwendig geworden sei, die Grundausr\u00fcstung zu ersetzen. Er sagte, es w\u00e4re \u201ceher kostspielig\u201d, f\u00fcgte aber hinzu, dass es nicht \u201cin einem Zug\u201d abgeschlossen werden m\u00fcsse.<\/p>\n<blockquote>\n<p>\u201cWenn wir jedes Jahr ein oder zwei Schritte nach vorne machen, werden wir in ein paar Jahren mit einer modernen Armee im Club der L\u00e4nder ankommen\u201d, sagte er.<\/p>\n<\/blockquote>\n<p>Orban f\u00fcgte hinzu, dass die Regierung bis November einen milit\u00e4rischen Beschaffungsplan abschlie\u00dfen werde.<\/p>\n<p><a href=\"https:\/\/dailynewshungary.com\/wp-content\/uploads\/2014\/10\/orban-army.jpg\" data-pswp-width=\"\" data-pswp-height=\"\" data-cropped=\"true\"><img loading=\"lazy\" decoding=\"async\" class=\"size-full wp-image-10974 aligncenter\" alt=\"Orban-Armee\" src=\"https:\/\/dailynewshungary.com\/wp-content\/uploads\/2014\/10\/orban-army.jpg\" width=\"600\" height=\"399\" srcset=\"https:\/\/contentf5.dailynewshungary.com\/wp-content\/uploads\/2014\/10\/orban-army.jpg 600w, https:\/\/contentf5.dailynewshungary.com\/wp-content\/uploads\/2014\/10\/orban-army-300x200.jpg 300w\" sizes=\"auto, (max-width: 600px) 100vw, 600px\"><\/a><\/p>\n<p>Orban sagte, dass die Beschaffung von Hubschraubern auch in den Pl\u00e4nen der Regierung eine Rolle spiele, obwohl dies \u201ekeine billige Sache\u201cwar, und aus diesem Grund habe die Regierung eine Liste aller m\u00f6glichen Angebote zusammengestellt und werde bald eine Entscheidung treffen, die auf dem Besten basiert aus milit\u00e4rischer und budget\u00e4rer Sicht.<\/p>\n<p>Bez\u00fcglich der \u00dcbung sagte Orban, es handele sich um eine Simulation aktueller Zusammenst\u00f6\u00dfe entlang der Grenze zwischen der Ukraine und Russland. \u201eEr stellte fest, dass die NATO entschlossen sei, eine internationale Milit\u00e4r\u00fcbung abzuhalten, die die Situation an der Grenze zwischen der Ukraine und Russland simuliert und Bedrohungen abmildert.\u201c\u201eWir m\u00fcssen st\u00e4ndig St\u00e4rke zeigen\u201d, sagte er und f\u00fcgte hinzu, dass St\u00e4rke erforderlich sei, damit die Menschen das Recht auf Frieden erhalten k\u00f6nnten, und dass die aktuellen \u00dcbungen ein Beweis f\u00fcr diese St\u00e4rke seien.<\/p>\n<p>Ungarn sei nun stark genug, innerhalb des NATO-Bataillons zusammenzuarbeiten, um bald mit der St\u00e4rke eines Bataillons zusammenarbeiten zu k\u00f6nnen, sagte er.<\/p>\n<p><a href=\"https:\/\/dailynewshungary.com\/wp-content\/uploads\/2014\/10\/Download-7.jpg\" data-pswp-width=\"\" data-pswp-height=\"\" data-cropped=\"true\"><img loading=\"lazy\" decoding=\"async\" class=\"size-full wp-image-10972 aligncenter\" alt=\"Herunterladen (7)\" src=\"https:\/\/dailynewshungary.com\/wp-content\/uploads\/2014\/10\/Download-7.jpg\" width=\"600\" height=\"398\" srcset=\"https:\/\/contentf5.dailynewshungary.com\/wp-content\/uploads\/2014\/10\/Download-7.jpg 600w, https:\/\/contentf5.dailynewshungary.com\/wp-content\/uploads\/2014\/10\/Download-7-300x200.jpg 300w\" sizes=\"auto, (max-width: 600px) 100vw, 600px\"><\/a><\/p>\n<p>Der Premierminister best\u00e4tigte, dass Ungarn seine Milit\u00e4rausgaben erh\u00f6hen werde.<\/p>\n<p>Verteidigungsminister Csaba Hende sagte in einer Rede, die Ereignisse in der Ukraine h\u00e4tten erneut gezeigt, dass die Sicherheit Ungarns und der Region nur im Rahmen der NATO gew\u00e4hrleistet werden k\u00f6nne \u201cDiese Krise hat den Wert des B\u00fcndnisses bekr\u00e4ftigt\u201d, sagte er und f\u00fcgte hinzu, dass auch der Wert Mitteleuropas innerhalb des B\u00fcndnisses bekr\u00e4ftigt worden sei.<\/p>\n<p><em>Foto: MTI \u2013 Szilard Koszticsak<\/em><\/p>\n","protected":false},"excerpt":{"rendered":"<p>(MTI) \u2013 Das ungarische Milit\u00e4r steht an der Schwelle zu einem \u201ctechnischen Modernisierungsprozess\u201d, sagte Ministerpr\u00e4sident Viktor Orban am Donnerstag den \u00f6ffentlichen Medien. Nach Beobachtung einer Milit\u00e4r\u00fcbung in Osku, in Westungarn, sagte Orban, dass es notwendig geworden sei, die Grundausr\u00fcstung zu ersetzen. Er sagte, es w\u00e4re \u201ceher kostspielig\u201d, f\u00fcgte aber hinzu, dass es nicht \u201cin einem [&hellip;]<\/p>\n","protected":false},"author":2,"featured_media":771311,"comment_status":"open","ping_status":"open","sticky":false,"template":"","format":"standard","meta":{"_acf_changed":false,"_display_image":"","footnotes":""},"categories":[1081],"tags":[1203,1128],"class_list":["post-771310","post","type-post","status-publish","format-standard","has-post-thumbnail","hentry","category-politik","tag-armee","tag-viktor-orban"],"blocksy_meta":[],"acf":[],"author_username":"alk","telegram_post":"","public_post_metadata":{"breaking_news":"","important":"","csempe":"","center_tile":"","disable_thumbnail":"","target_lang":"","_featured_image_style":"","telegram_post":"","_xlat_group_id":""},"public_rank_math_data":{"title":"%title% %sep% %sitename%","description":"","focus_keyword":"","canonical_url":"","robots":"","primary_category":"1081","breadcrumb_title":"","facebook_title":"","facebook_description":"","facebook_image":"","facebook_image_id":"","twitter_title":"","twitter_description":"","twitter_image":"","twitter_image_id":"","twitter_card_type":"","twitter_use_facebook":"","advanced_robots":"","pillar_content":"","seo_score":"","contentai_score":"","rich_snippet":""},"_links":{"self":[{"href":"https:\/\/dailynewshungary.com\/de\/wp-json\/wp\/v2\/posts\/771310","targetHints":{"allow":["GET"]}}],"collection":[{"href":"https:\/\/dailynewshungary.com\/de\/wp-json\/wp\/v2\/posts"}],"about":[{"href":"https:\/\/dailynewshungary.com\/de\/wp-json\/wp\/v2\/types\/post"}],"author":[{"embeddable":true,"href":"https:\/\/dailynewshungary.com\/de\/wp-json\/wp\/v2\/users\/2"}],"replies":[{"embeddable":true,"href":"https:\/\/dailynewshungary.com\/de\/wp-json\/wp\/v2\/comments?post=771310"}],"version-history":[{"count":0,"href":"https:\/\/dailynewshungary.com\/de\/wp-json\/wp\/v2\/posts\/771310\/revisions"}],"wp:featuredmedia":[{"embeddable":true,"href":"https:\/\/dailynewshungary.com\/de\/wp-json\/wp\/v2\/media\/771311"}],"wp:attachment":[{"href":"https:\/\/dailynewshungary.com\/de\/wp-json\/wp\/v2\/media?parent=771310"}],"wp:term":[{"taxonomy":"category","embeddable":true,"href":"https:\/\/dailynewshungary.com\/de\/wp-json\/wp\/v2\/categories?post=771310"},{"taxonomy":"post_tag","embeddable":true,"href":"https:\/\/dailynewshungary.com\/de\/wp-json\/wp\/v2\/tags?post=771310"}],"curies":[{"name":"wp","href":"https:\/\/api.w.org\/{rel}","templated":true}]}}