{"id":771352,"date":"2014-09-30T14:13:19","date_gmt":"2014-09-30T12:13:19","guid":{"rendered":"https:\/\/dailynewshungary.com\/de\/nationale-offentliche-versorgungsholding-hier-sind-die-details\/"},"modified":"2014-09-30T14:13:19","modified_gmt":"2014-09-30T12:13:19","slug":"nationale-offentliche-versorgungsholding-hier-sind-die-details","status":"publish","type":"post","link":"https:\/\/dailynewshungary.com\/de\/nationale-offentliche-versorgungsholding-hier-sind-die-details\/","title":{"rendered":"Nationale \u00f6ffentliche Versorgungsholding: Hier sind die Details"},"content":{"rendered":"<p><strong>Die nationale \u00f6ffentliche Versorgungsholding k\u00f6nnte ihren Betrieb sp\u00e4testens im M\u00e4rz 2015 aufnehmen und die nun staatliche F g\u00e1z k\u00f6nnte als Basis dienen, gab J\u00e1nos L\u00e1z\u00e1r am Sonntag in Mak\u00f3 bekannt.<\/strong><\/p>\n<p><span style=\"color: #ff0000;\"><strong>Verwandter Artikel:&nbsp;<\/strong><\/span><br \/>\n<span style=\"color: #ff0000;\"><strong><a href=\"https:\/\/dailynewshungary.com\/de\/lazar-und-balog-treffen-lokale-kirchenfuhrer-in-ungarn\/\" target=\"_blank\"><span style=\"color: #ff0000;\">Lazar und Balog treffen lokale Kirchenf\u00fchrer in Ungarn<\/span><\/a><\/strong><\/span><\/p>\n<p>Der f\u00fcr das B\u00fcro des Premierministers zust\u00e4ndige Minister sagte auf einem vor Journalisten abgehaltenen Forum, dass die erste Aufgabe der ersten nationalen \u00f6ffentlichen Versorgungsholding darin bestehen werde, Strom, Gas &#8211; und Fernw\u00e4rmedienste bereitzustellenDie Wasserversorgung, Abwasserentsorgung und Abfallentsorgung k\u00f6nnten sp\u00e4ter beginnen, f\u00fcgte er hinzuDer Premierminister ernannte den Staatssekret\u00e4r des B\u00fcros des Premierministers L\u00e1szl\u00f3n\u00e9 N\u00e9meth zum Verantwortlichen f\u00fcr die Organisation der Holding.<\/p>\n<p>Das vollst\u00e4ndig staatliche Unternehmen werde versuchen, Strom, Gas und Fernw\u00e4rme unter Marktbedingungen bereitzustellen, indem es seine Konkurrenten im Wettbewerb mit m\u00f6glichst vielen Haushalten schl\u00e4gt, sagte J\u00e1nos L\u00e1z\u00e1r. Der Politiker behauptete, die Regierung wolle die derzeitigen Marktteilnehmer nicht \u201e\u00fcberholen\u201cmit staatlichen Mitteln\u201d, das staatliche Unternehmen habe versucht, das Vertrauen der Verbraucher durch Dienstleistungen zu hohen Standards und wettbewerbsf\u00e4higen Preisen zu gewinnen.<\/p>\n<p>Auf der Grundlage der EU-Gesetzgebung wird zwischen der Wartung des Netzes und der Versorgung der Verbraucher unterschieden, somit gibt es keine technische Barriere f\u00fcr den Dienst Der Staat kaufte F ofg\u00e1z, was als gute Grundlage f\u00fcr die nationale \u00f6ffentliche Versorgungsholding dienen k\u00f6nnte, sagte der Minister.<\/p>\n<p><strong>Preissenkung bei Holding- und \u00f6ffentlichen Versorgungsunternehmen<\/strong><\/p>\n<p>Wie bereits berichtet, gab J\u00e1nos L\u00e1z\u00e1r am Samstag bekannt, dass die Regierung auf ihrer Sitzung am Donnerstag eine Entscheidung \u00fcber die Gr\u00fcndung eines nationalen \u00f6ffentlichen Versorgungsunternehmens getroffen habe. Er sagte, das Hauptziel werde nicht darin bestehen, einen Gewinn zu erzielen, sondern einen sicheren und kosteng\u00fcnstigen Service zu bieten Der Minister f\u00fcr Volkswirtschaft, Mih\u00e1ly Varga, betonte im Zusammenhang mit der Beteiligung an H\u00edr TV, dass wir zu L\u00e4ndern geh\u00f6ren wollten, in denen \u00f6ffentliche Versorgungsunternehmen erschwinglich seien, und dies die Gr\u00fcndung einer Holdinggesellschaft f\u00fcr \u00f6ffentliche Versorgungsunternehmen erfordere.<\/p>\n<p>Basierend auf einer Studie des Ungarischen Energieverbandes berichtete Magyar Nemzet zuvor, dass Privatkunden mit der Gr\u00fcndung der staatlichen \u00f6ffentlichen Versorgungsholding gut zurechtkommen k\u00f6nnten.<br \/>\nZun\u00e4chst einmal wurde Gas mit dem R\u00fcckgang der dreistufigen \u00f6ffentlichen Versorgungsunternehmen in diesem Jahr billiger: Der Preis sank zum 1. April um 6,5 Prozent. Auf den Fersen sank der Gaspreis ab September um weitere 5,7 Prozent und der Fernw\u00e4rmepreis ab Oktober um 3,3 Prozent.<\/p>\n<p>Am ersten Tag der Herbstsitzung des Parlaments sprach Ministerpr\u00e4sident Viktor Orb\u00e1n in seiner Rede zu dringenden und aktuellen Themen auch von der Senkung der Preise f\u00fcr \u00f6ffentliche Versorgungsunternehmen, indem er deren positive Auswirkungen auf die Wirtschaft hervorhob, vor allem im Hinblick auf das erhebliche Wirtschaftswachstum. \u201eDie Senkung der Preise f\u00fcr \u00f6ffentliche Versorgungsunternehmen ist \u201edas Kerngut unserer gesamten Politik\u201c(..), es geht darum, niemandem zu erlauben, Ungarn sieben Mal f\u00fcr die Grundversorgung zu rupfen\u201d.<\/p>\n<p><em>basierend auf Artikel von mno.hu<\/em><\/p>\n<p><em>Foto:&nbsp;<a href=\"http:\/\/zaol.hu\/hirek\/olvasoi-panasz-hibazott-az-eon-leolvasoja-1548574\" data-ved=\"0CAYQjB0\" target=\"_blank\" rel=\"noopener\">zaol.hu<\/a><\/em><\/p>\n","protected":false},"excerpt":{"rendered":"<p>Die nationale \u00f6ffentliche Versorgungsholding k\u00f6nnte ihren Betrieb sp\u00e4testens im M\u00e4rz 2015 aufnehmen und die nun staatliche F g\u00e1z k\u00f6nnte als Basis dienen, gab J\u00e1nos L\u00e1z\u00e1r am Sonntag in Mak\u00f3 bekannt. Verwandter Artikel:&nbsp; Lazar und Balog treffen lokale Kirchenf\u00fchrer in Ungarn Der f\u00fcr das B\u00fcro des Premierministers zust\u00e4ndige Minister sagte auf einem vor Journalisten abgehaltenen Forum, [&hellip;]<\/p>\n","protected":false},"author":2,"featured_media":771353,"comment_status":"open","ping_status":"open","sticky":false,"template":"","format":"standard","meta":{"_acf_changed":false,"_display_image":"","footnotes":""},"categories":[1281],"tags":[1066],"class_list":["post-771352","post","type-post","status-publish","format-standard","has-post-thumbnail","hentry","category-geschaft","tag-hungary"],"blocksy_meta":[],"acf":[],"author_username":"alk","telegram_post":"","public_post_metadata":{"breaking_news":"","important":"","csempe":"","center_tile":"","disable_thumbnail":"","target_lang":"","_featured_image_style":"","telegram_post":"","_xlat_group_id":""},"public_rank_math_data":{"title":"%title% %sep% %sitename%","description":"","focus_keyword":"","canonical_url":"","robots":"","primary_category":"1281","breadcrumb_title":"","facebook_title":"","facebook_description":"","facebook_image":"","facebook_image_id":"","twitter_title":"","twitter_description":"","twitter_image":"","twitter_image_id":"","twitter_card_type":"","twitter_use_facebook":"","advanced_robots":"","pillar_content":"","seo_score":"","contentai_score":"","rich_snippet":""},"_links":{"self":[{"href":"https:\/\/dailynewshungary.com\/de\/wp-json\/wp\/v2\/posts\/771352","targetHints":{"allow":["GET"]}}],"collection":[{"href":"https:\/\/dailynewshungary.com\/de\/wp-json\/wp\/v2\/posts"}],"about":[{"href":"https:\/\/dailynewshungary.com\/de\/wp-json\/wp\/v2\/types\/post"}],"author":[{"embeddable":true,"href":"https:\/\/dailynewshungary.com\/de\/wp-json\/wp\/v2\/users\/2"}],"replies":[{"embeddable":true,"href":"https:\/\/dailynewshungary.com\/de\/wp-json\/wp\/v2\/comments?post=771352"}],"version-history":[{"count":0,"href":"https:\/\/dailynewshungary.com\/de\/wp-json\/wp\/v2\/posts\/771352\/revisions"}],"wp:featuredmedia":[{"embeddable":true,"href":"https:\/\/dailynewshungary.com\/de\/wp-json\/wp\/v2\/media\/771353"}],"wp:attachment":[{"href":"https:\/\/dailynewshungary.com\/de\/wp-json\/wp\/v2\/media?parent=771352"}],"wp:term":[{"taxonomy":"category","embeddable":true,"href":"https:\/\/dailynewshungary.com\/de\/wp-json\/wp\/v2\/categories?post=771352"},{"taxonomy":"post_tag","embeddable":true,"href":"https:\/\/dailynewshungary.com\/de\/wp-json\/wp\/v2\/tags?post=771352"}],"curies":[{"name":"wp","href":"https:\/\/api.w.org\/{rel}","templated":true}]}}