{"id":771392,"date":"2014-09-27T20:20:57","date_gmt":"2014-09-27T18:20:57","guid":{"rendered":"https:\/\/dailynewshungary.com\/de\/jobbik-fordert-eine-untersuchung-des-vermogens-von-szijjarto\/"},"modified":"2014-09-27T20:20:57","modified_gmt":"2014-09-27T18:20:57","slug":"jobbik-fordert-eine-untersuchung-des-vermogens-von-szijjarto","status":"publish","type":"post","link":"https:\/\/dailynewshungary.com\/de\/jobbik-fordert-eine-untersuchung-des-vermogens-von-szijjarto\/","title":{"rendered":"Jobbik fordert eine Untersuchung des Verm\u00f6gens von Szijjarto"},"content":{"rendered":"<p><strong>Budapest, 27. September (MTI) \u2013 Radikale nationalistische Partei Jobbik hat eine parlamentarische Untersuchung des Verm\u00f6gens von Peter Szijjarto gefordert, der k\u00fcrzlich zum Minister f\u00fcr ausw\u00e4rtige Angelegenheiten und Handel ernannt wurde, nachdem der Minister ein teures Grundst\u00fcck gekauft hatte.<\/strong><\/p>\n<p>Elod Novak, der stellvertretende Vorsitzende der Partei, stellte fest, dass die Regierungsparteien einen fr\u00fcheren Vorschlag zur Einleitung einer Untersuchung des Reichtums von Szijjarto abgelehnt hatten.<\/p>\n<p>Die linke Opposition hatte zuvor gefordert, ein Verfahren gegen Szijjarto einzuleiten, mit der Begr\u00fcndung, sein Verm\u00f6gen sei erheblich st\u00e4rker gewachsen als sein Einkommen, Sein Sprecher sagte damals, Szijjarto habe zwei Einnahmequellen: sein Gehalt und seine Kapitalrendite.<\/p>\n<p>Am Donnerstag gab Judit Fulop MTI eine Aufschl\u00fcsselung der Quellen f\u00fcr die Bezahlung seines Eigentums und sagte, 68 Millionen Forint (220.000 EUR) stammten aus eigenen Ersparnissen des Ministers, 10 Millionen stammten aus Ersparnissen seiner Frau, 10 Millionen von den Eltern seiner Frau, 79 Millionen von den Eltern des Ministers, 45 Millionen wurden geliehen, w\u00e4hrend 34 Millionen ein Geschenk waren.<\/p>\n","protected":false},"excerpt":{"rendered":"<p>Budapest, 27. September (MTI) \u2013 Radikale nationalistische Partei Jobbik hat eine parlamentarische Untersuchung des Verm\u00f6gens von Peter Szijjarto gefordert, der k\u00fcrzlich zum Minister f\u00fcr ausw\u00e4rtige Angelegenheiten und Handel ernannt wurde, nachdem der Minister ein teures Grundst\u00fcck gekauft hatte. Elod Novak, der stellvertretende Vorsitzende der Partei, stellte fest, dass die Regierungsparteien einen fr\u00fcheren Vorschlag zur Einleitung [&hellip;]<\/p>\n","protected":false},"author":2,"featured_media":771393,"comment_status":"open","ping_status":"open","sticky":false,"template":"","format":"standard","meta":{"_acf_changed":false,"_display_image":"","footnotes":""},"categories":[1081],"tags":[1632],"class_list":["post-771392","post","type-post","status-publish","format-standard","has-post-thumbnail","hentry","category-politik","tag-jobbik"],"blocksy_meta":[],"acf":[],"author_username":"alk","telegram_post":"","public_post_metadata":{"breaking_news":"","important":"","csempe":"","center_tile":"","disable_thumbnail":"","target_lang":"","_featured_image_style":"","telegram_post":"","_xlat_group_id":""},"public_rank_math_data":{"title":"%title% %sep% %sitename%","description":"","focus_keyword":"","canonical_url":"","robots":"","primary_category":"1081","breadcrumb_title":"","facebook_title":"","facebook_description":"","facebook_image":"","facebook_image_id":"","twitter_title":"","twitter_description":"","twitter_image":"","twitter_image_id":"","twitter_card_type":"","twitter_use_facebook":"","advanced_robots":"","pillar_content":"","seo_score":"","contentai_score":"","rich_snippet":""},"_links":{"self":[{"href":"https:\/\/dailynewshungary.com\/de\/wp-json\/wp\/v2\/posts\/771392","targetHints":{"allow":["GET"]}}],"collection":[{"href":"https:\/\/dailynewshungary.com\/de\/wp-json\/wp\/v2\/posts"}],"about":[{"href":"https:\/\/dailynewshungary.com\/de\/wp-json\/wp\/v2\/types\/post"}],"author":[{"embeddable":true,"href":"https:\/\/dailynewshungary.com\/de\/wp-json\/wp\/v2\/users\/2"}],"replies":[{"embeddable":true,"href":"https:\/\/dailynewshungary.com\/de\/wp-json\/wp\/v2\/comments?post=771392"}],"version-history":[{"count":0,"href":"https:\/\/dailynewshungary.com\/de\/wp-json\/wp\/v2\/posts\/771392\/revisions"}],"wp:featuredmedia":[{"embeddable":true,"href":"https:\/\/dailynewshungary.com\/de\/wp-json\/wp\/v2\/media\/771393"}],"wp:attachment":[{"href":"https:\/\/dailynewshungary.com\/de\/wp-json\/wp\/v2\/media?parent=771392"}],"wp:term":[{"taxonomy":"category","embeddable":true,"href":"https:\/\/dailynewshungary.com\/de\/wp-json\/wp\/v2\/categories?post=771392"},{"taxonomy":"post_tag","embeddable":true,"href":"https:\/\/dailynewshungary.com\/de\/wp-json\/wp\/v2\/tags?post=771392"}],"curies":[{"name":"wp","href":"https:\/\/api.w.org\/{rel}","templated":true}]}}