{"id":771432,"date":"2014-09-24T16:04:43","date_gmt":"2014-09-24T14:04:43","guid":{"rendered":"https:\/\/dailynewshungary.com\/de\/parlamentsprasident-kover-katyn-massacre-historic-memento-of-political-privy\/"},"modified":"2014-09-24T16:04:43","modified_gmt":"2014-09-24T14:04:43","slug":"parlamentsprasident-kover-katyn-massacre-historic-memento-of-political-privy","status":"publish","type":"post","link":"https:\/\/dailynewshungary.com\/de\/parlamentsprasident-kover-katyn-massacre-historic-memento-of-political-privy\/","title":{"rendered":"Parlamentspr\u00e4sident Kover: Katyn Massacre Historic Memento of Political Privy"},"content":{"rendered":"<p><strong>Budapest, 24. September (MTI) \u2013 \u00dcber die Massenmorde hinaus stellt das Massaker von Katyn ein historisches Andenken an politischen Zynismus und Komplizenschaft dar, sagte Parlamentssprecher Laszlo Kover heute bei der Er\u00f6ffnung einer Ausstellung \u00fcber das Massaker an polnischen Beamten durch die sowjetische Geheimpolizei im Jahr 1940.<\/strong><\/p>\n<p>Kover sagte, die Ausstellung in Budapest ziele auch darauf ab, die tausendj\u00e4hrigen gemeinsamen historischen Beziehungen zwischen Ungarn und Polen zu st\u00e4rken.<\/p>\n<p>Er wies darauf hin, dass das ungarische und das polnische Parlament am Mittwoch eine Bestimmung zum 40. Todestag von Jozsef Antall Sr. verabschieden w\u00fcrden, der eine Schl\u00fcsselrolle bei der Suche polnischer Fl\u00fcchtlinge nach Unterk\u00fcnften in Ungarn spielte, und zum 70. Jahrestag des M\u00e4rtyrertodes von Henryk Slawik, der dazu beitrug Rettung von \u00fcber 30.000 polnischen Fl\u00fcchtlingen im 2. Weltkrieg.<\/p>\n<p>Die stellvertretende Sprecherin des polnischen Senats, Maria Panczyk-Pozdziej, sagte, die Botschaft der Ausstellung sei, dass die Menschen einen Krieg wie diesen nie wieder erleben wollen w\u00fcrden.<\/p>\n<p><em>Foto: MTI \u2013 Lajos Soos<\/em><\/p>\n","protected":false},"excerpt":{"rendered":"<p>Budapest, 24. September (MTI) \u2013 \u00dcber die Massenmorde hinaus stellt das Massaker von Katyn ein historisches Andenken an politischen Zynismus und Komplizenschaft dar, sagte Parlamentssprecher Laszlo Kover heute bei der Er\u00f6ffnung einer Ausstellung \u00fcber das Massaker an polnischen Beamten durch die sowjetische Geheimpolizei im Jahr 1940. Kover sagte, die Ausstellung in Budapest ziele auch darauf [&hellip;]<\/p>\n","protected":false},"author":2,"featured_media":771433,"comment_status":"open","ping_status":"open","sticky":false,"template":"","format":"standard","meta":{"_acf_changed":false,"_display_image":"","footnotes":""},"categories":[1151],"tags":[1125],"class_list":["post-771432","post","type-post","status-publish","format-standard","has-post-thumbnail","hentry","category-kulturen","tag-geschichte"],"blocksy_meta":[],"acf":[],"author_username":"alk","telegram_post":"","public_post_metadata":{"breaking_news":"","important":"","csempe":"","center_tile":"","disable_thumbnail":"","target_lang":"","_featured_image_style":"","telegram_post":"","_xlat_group_id":""},"public_rank_math_data":{"title":"%title% %sep% %sitename%","description":"","focus_keyword":"","canonical_url":"","robots":"","primary_category":"1151","breadcrumb_title":"","facebook_title":"","facebook_description":"","facebook_image":"","facebook_image_id":"","twitter_title":"","twitter_description":"","twitter_image":"","twitter_image_id":"","twitter_card_type":"","twitter_use_facebook":"","advanced_robots":"","pillar_content":"","seo_score":"","contentai_score":"","rich_snippet":""},"_links":{"self":[{"href":"https:\/\/dailynewshungary.com\/de\/wp-json\/wp\/v2\/posts\/771432","targetHints":{"allow":["GET"]}}],"collection":[{"href":"https:\/\/dailynewshungary.com\/de\/wp-json\/wp\/v2\/posts"}],"about":[{"href":"https:\/\/dailynewshungary.com\/de\/wp-json\/wp\/v2\/types\/post"}],"author":[{"embeddable":true,"href":"https:\/\/dailynewshungary.com\/de\/wp-json\/wp\/v2\/users\/2"}],"replies":[{"embeddable":true,"href":"https:\/\/dailynewshungary.com\/de\/wp-json\/wp\/v2\/comments?post=771432"}],"version-history":[{"count":0,"href":"https:\/\/dailynewshungary.com\/de\/wp-json\/wp\/v2\/posts\/771432\/revisions"}],"wp:featuredmedia":[{"embeddable":true,"href":"https:\/\/dailynewshungary.com\/de\/wp-json\/wp\/v2\/media\/771433"}],"wp:attachment":[{"href":"https:\/\/dailynewshungary.com\/de\/wp-json\/wp\/v2\/media?parent=771432"}],"wp:term":[{"taxonomy":"category","embeddable":true,"href":"https:\/\/dailynewshungary.com\/de\/wp-json\/wp\/v2\/categories?post=771432"},{"taxonomy":"post_tag","embeddable":true,"href":"https:\/\/dailynewshungary.com\/de\/wp-json\/wp\/v2\/tags?post=771432"}],"curies":[{"name":"wp","href":"https:\/\/api.w.org\/{rel}","templated":true}]}}