{"id":771452,"date":"2014-09-22T19:01:06","date_gmt":"2014-09-22T17:01:06","guid":{"rendered":"https:\/\/dailynewshungary.com\/de\/investitionen-gegen-den-wind-fur-wachstum-sagt-varga\/"},"modified":"2014-09-22T19:01:06","modified_gmt":"2014-09-22T17:01:06","slug":"investitionen-gegen-den-wind-fur-wachstum-sagt-varga","status":"publish","type":"post","link":"https:\/\/dailynewshungary.com\/de\/investitionen-gegen-den-wind-fur-wachstum-sagt-varga\/","title":{"rendered":"Investitionen gegen den Wind f\u00fcr Wachstum, sagt Varga"},"content":{"rendered":"<p><strong>Budapest, 22. September (MTI) \u2013 Die globale Wirtschaftskrise hat gezeigt, dass L\u00e4nder, die in der Lage sind, auf eigenen Beinen zu stehen und Not zu bek\u00e4mpfen, diejenigen sind, in denen Produktion und Arbeit die Grundlage der Wirtschaft bilden, sagte Mihaly Varga, der Wirtschaftsminister heute.<\/strong><\/p>\n<p>Ungarns Regierung habe 2010 entschieden, dass Wohlstand ohne Mehrwertarbeit nicht zu erreichen sei, sagte Varga in Zalaegerszeg bei der Einweihung einer Investition von einer Milliarde Forint-Fabriken durch Zalaco Zrt, das Backwaren herstellt.<\/p>\n<p>Die Entwicklung von Familienunternehmen zeige auch, dass \u201cdie Schaffung von nachhaltigem Wirtschaftswachstum, Sicherheit und Wohlstand nur durch Investitionen und Arbeit erreicht werden kann\u201d, sagte er.<\/p>\n<p>Das Beispiel des Unternehmens zeige auch, dass es in der ungarischen Industrie viele Chancen gebe und dass neben multinationalen Unternehmen auch inl\u00e4ndische Unternehmen in der Lage seien, ihre Produktion auszuweiten und Absatzm\u00f6glichkeiten zu finden, die den Unternehmen und ihren Mitarbeitern einen sicheren Lebensunterhalt erm\u00f6glichen, sagte Varga.<\/p>\n<p><em>Foto: MTI \u2013 Gyorgy Varga<\/em><\/p>\n","protected":false},"excerpt":{"rendered":"<p>Budapest, 22. September (MTI) \u2013 Die globale Wirtschaftskrise hat gezeigt, dass L\u00e4nder, die in der Lage sind, auf eigenen Beinen zu stehen und Not zu bek\u00e4mpfen, diejenigen sind, in denen Produktion und Arbeit die Grundlage der Wirtschaft bilden, sagte Mihaly Varga, der Wirtschaftsminister heute. Ungarns Regierung habe 2010 entschieden, dass Wohlstand ohne Mehrwertarbeit nicht zu [&hellip;]<\/p>\n","protected":false},"author":2,"featured_media":771453,"comment_status":"open","ping_status":"open","sticky":false,"template":"","format":"standard","meta":{"_acf_changed":false,"_display_image":"","footnotes":""},"categories":[1281],"tags":[1066],"class_list":["post-771452","post","type-post","status-publish","format-standard","has-post-thumbnail","hentry","category-geschaft","tag-hungary"],"blocksy_meta":[],"acf":[],"author_username":"alk","telegram_post":"","public_post_metadata":{"breaking_news":"","important":"","csempe":"","center_tile":"","disable_thumbnail":"","target_lang":"","_featured_image_style":"","telegram_post":"","_xlat_group_id":""},"public_rank_math_data":{"title":"%title% %sep% %sitename%","description":"","focus_keyword":"","canonical_url":"","robots":"","primary_category":"1281","breadcrumb_title":"","facebook_title":"","facebook_description":"","facebook_image":"","facebook_image_id":"","twitter_title":"","twitter_description":"","twitter_image":"","twitter_image_id":"","twitter_card_type":"","twitter_use_facebook":"","advanced_robots":"","pillar_content":"","seo_score":"","contentai_score":"","rich_snippet":""},"_links":{"self":[{"href":"https:\/\/dailynewshungary.com\/de\/wp-json\/wp\/v2\/posts\/771452","targetHints":{"allow":["GET"]}}],"collection":[{"href":"https:\/\/dailynewshungary.com\/de\/wp-json\/wp\/v2\/posts"}],"about":[{"href":"https:\/\/dailynewshungary.com\/de\/wp-json\/wp\/v2\/types\/post"}],"author":[{"embeddable":true,"href":"https:\/\/dailynewshungary.com\/de\/wp-json\/wp\/v2\/users\/2"}],"replies":[{"embeddable":true,"href":"https:\/\/dailynewshungary.com\/de\/wp-json\/wp\/v2\/comments?post=771452"}],"version-history":[{"count":0,"href":"https:\/\/dailynewshungary.com\/de\/wp-json\/wp\/v2\/posts\/771452\/revisions"}],"wp:featuredmedia":[{"embeddable":true,"href":"https:\/\/dailynewshungary.com\/de\/wp-json\/wp\/v2\/media\/771453"}],"wp:attachment":[{"href":"https:\/\/dailynewshungary.com\/de\/wp-json\/wp\/v2\/media?parent=771452"}],"wp:term":[{"taxonomy":"category","embeddable":true,"href":"https:\/\/dailynewshungary.com\/de\/wp-json\/wp\/v2\/categories?post=771452"},{"taxonomy":"post_tag","embeddable":true,"href":"https:\/\/dailynewshungary.com\/de\/wp-json\/wp\/v2\/tags?post=771452"}],"curies":[{"name":"wp","href":"https:\/\/api.w.org\/{rel}","templated":true}]}}