{"id":771456,"date":"2014-09-22T14:57:50","date_gmt":"2014-09-22T12:57:50","guid":{"rendered":"https:\/\/dailynewshungary.com\/de\/richter-cttee-unterstutzt-3-kandidaten-fur-verfassungsrichter\/"},"modified":"2014-09-22T14:57:50","modified_gmt":"2014-09-22T12:57:50","slug":"richter-cttee-unterstutzt-3-kandidaten-fur-verfassungsrichter","status":"publish","type":"post","link":"https:\/\/dailynewshungary.com\/de\/richter-cttee-unterstutzt-3-kandidaten-fur-verfassungsrichter\/","title":{"rendered":"Richter Cttee unterst\u00fctzt 3 Kandidaten f\u00fcr Verfassungsrichter"},"content":{"rendered":"<p><strong>Budapest, 22. September (MTI) \u2013 Der Justizausschuss des ungarischen Parlaments hat die Kandidatur von drei vorgeschlagenen Verfassungsrichtern unterst\u00fctzt.<\/strong><\/p>\n<p>Die Kandidaten Agnes Czine, Tamas Sulyok und Andras Zs. Varga wurden von den Regierungsparteien vorgeschlagenDie sozialistische Opposition hatte zuvor angedeutet, dass sie wegen des einseitigen Vorschlags von Kandidaten nicht an der Sitzung des Ausschusses teilnehmen werde.<\/p>\n<p>Szabolcs Szabo, ein Abgeordneter der E-PM-Partei, der als Unabh\u00e4ngiger sitzt, nahm an der Sitzung teil und fragte die Kandidaten, wie sie ihr Amt mit einseitiger Unterst\u00fctzung nach bestem Gewissen antreten k\u00f6nnten, doch der Ausschussvorsitzende forderte ihn auf, zur\u00fcckzutreten.<\/p>\n<p>Das Parlament soll am Mittwoch \u00fcber die Kandidaten abstimmen Ihre Ernennung erfordert die Unterst\u00fctzung von zwei Dritteln der Gesetzgeber.<\/p>\n","protected":false},"excerpt":{"rendered":"<p>Budapest, 22. September (MTI) \u2013 Der Justizausschuss des ungarischen Parlaments hat die Kandidatur von drei vorgeschlagenen Verfassungsrichtern unterst\u00fctzt. Die Kandidaten Agnes Czine, Tamas Sulyok und Andras Zs. Varga wurden von den Regierungsparteien vorgeschlagenDie sozialistische Opposition hatte zuvor angedeutet, dass sie wegen des einseitigen Vorschlags von Kandidaten nicht an der Sitzung des Ausschusses teilnehmen werde. Szabolcs [&hellip;]<\/p>\n","protected":false},"author":2,"featured_media":771457,"comment_status":"open","ping_status":"open","sticky":false,"template":"","format":"standard","meta":{"_acf_changed":false,"_display_image":"","footnotes":""},"categories":[1081],"tags":[1066],"class_list":["post-771456","post","type-post","status-publish","format-standard","has-post-thumbnail","hentry","category-politik","tag-hungary"],"blocksy_meta":[],"acf":[],"author_username":"alk","telegram_post":"","public_post_metadata":{"breaking_news":"","important":"","csempe":"","center_tile":"","disable_thumbnail":"","target_lang":"","_featured_image_style":"","telegram_post":"","_xlat_group_id":""},"public_rank_math_data":{"title":"%title% %sep% %sitename%","description":"","focus_keyword":"","canonical_url":"","robots":"","primary_category":"1081","breadcrumb_title":"","facebook_title":"","facebook_description":"","facebook_image":"","facebook_image_id":"","twitter_title":"","twitter_description":"","twitter_image":"","twitter_image_id":"","twitter_card_type":"","twitter_use_facebook":"","advanced_robots":"","pillar_content":"","seo_score":"","contentai_score":"","rich_snippet":""},"_links":{"self":[{"href":"https:\/\/dailynewshungary.com\/de\/wp-json\/wp\/v2\/posts\/771456","targetHints":{"allow":["GET"]}}],"collection":[{"href":"https:\/\/dailynewshungary.com\/de\/wp-json\/wp\/v2\/posts"}],"about":[{"href":"https:\/\/dailynewshungary.com\/de\/wp-json\/wp\/v2\/types\/post"}],"author":[{"embeddable":true,"href":"https:\/\/dailynewshungary.com\/de\/wp-json\/wp\/v2\/users\/2"}],"replies":[{"embeddable":true,"href":"https:\/\/dailynewshungary.com\/de\/wp-json\/wp\/v2\/comments?post=771456"}],"version-history":[{"count":0,"href":"https:\/\/dailynewshungary.com\/de\/wp-json\/wp\/v2\/posts\/771456\/revisions"}],"wp:featuredmedia":[{"embeddable":true,"href":"https:\/\/dailynewshungary.com\/de\/wp-json\/wp\/v2\/media\/771457"}],"wp:attachment":[{"href":"https:\/\/dailynewshungary.com\/de\/wp-json\/wp\/v2\/media?parent=771456"}],"wp:term":[{"taxonomy":"category","embeddable":true,"href":"https:\/\/dailynewshungary.com\/de\/wp-json\/wp\/v2\/categories?post=771456"},{"taxonomy":"post_tag","embeddable":true,"href":"https:\/\/dailynewshungary.com\/de\/wp-json\/wp\/v2\/tags?post=771456"}],"curies":[{"name":"wp","href":"https:\/\/api.w.org\/{rel}","templated":true}]}}