{"id":771474,"date":"2014-09-20T14:34:11","date_gmt":"2014-09-20T12:34:11","guid":{"rendered":"https:\/\/dailynewshungary.com\/de\/nemeth-sagt-das-schottische-referendum-sei-aufschlussreich-jobbik-bedauere-das-ergebnis\/"},"modified":"2014-09-20T14:34:11","modified_gmt":"2014-09-20T12:34:11","slug":"nemeth-sagt-das-schottische-referendum-sei-aufschlussreich-jobbik-bedauere-das-ergebnis","status":"publish","type":"post","link":"https:\/\/dailynewshungary.com\/de\/nemeth-sagt-das-schottische-referendum-sei-aufschlussreich-jobbik-bedauere-das-ergebnis\/","title":{"rendered":"Nemeth sagt, das schottische Referendum sei aufschlussreich, Jobbik bedauere das Ergebnis"},"content":{"rendered":"<p><strong>(MTI) \u2013 Das Ergebnis des schottischen Referendums sei in mehrfacher Hinsicht aufschlussreich, da es beispielsweise zeige, dass Autonomie nicht unbedingt zu einer Trennung f\u00fchre, sagte Zsolt Nemeth, Vorsitzender des Ausschusses f\u00fcr ausw\u00e4rtige Angelegenheiten des Parlaments der regierenden Fidesz-Partei, am Freitag.<\/strong><\/p>\n<p>Der radikale Nationalist Jobbik sagte, er bedauere, dass die Bef\u00fcrworter der Unabh\u00e4ngigkeit beim Referendum gescheitert seien, f\u00fcgte jedoch hinzu, dass er sicher sei, dass die schottische Nation am Ende den Sieg erringen w\u00fcrde.<\/p>\n<p>Marton Gyongyosi, der stellvertretende Fraktionsvorsitzende der Partei, sagte, das Referendum habe als Modell f\u00fcr ethnische Ungarn im Karpatenbecken gedient, die Autonomie anstreben.<\/p>\n","protected":false},"excerpt":{"rendered":"<p>(MTI) \u2013 Das Ergebnis des schottischen Referendums sei in mehrfacher Hinsicht aufschlussreich, da es beispielsweise zeige, dass Autonomie nicht unbedingt zu einer Trennung f\u00fchre, sagte Zsolt Nemeth, Vorsitzender des Ausschusses f\u00fcr ausw\u00e4rtige Angelegenheiten des Parlaments der regierenden Fidesz-Partei, am Freitag. Der radikale Nationalist Jobbik sagte, er bedauere, dass die Bef\u00fcrworter der Unabh\u00e4ngigkeit beim Referendum gescheitert [&hellip;]<\/p>\n","protected":false},"author":2,"featured_media":771475,"comment_status":"open","ping_status":"open","sticky":false,"template":"","format":"standard","meta":{"_acf_changed":false,"_display_image":"","footnotes":""},"categories":[1081],"tags":[1091,1632],"class_list":["post-771474","post","type-post","status-publish","format-standard","has-post-thumbnail","hentry","category-politik","tag-fidesz","tag-jobbik"],"blocksy_meta":[],"acf":[],"author_username":"alk","telegram_post":"","public_post_metadata":{"breaking_news":"","important":"","csempe":"","center_tile":"","disable_thumbnail":"","target_lang":"","_featured_image_style":"","telegram_post":"","_xlat_group_id":""},"public_rank_math_data":{"title":"%title% %sep% %sitename%","description":"","focus_keyword":"","canonical_url":"","robots":"","primary_category":"1081","breadcrumb_title":"","facebook_title":"","facebook_description":"","facebook_image":"","facebook_image_id":"","twitter_title":"","twitter_description":"","twitter_image":"","twitter_image_id":"","twitter_card_type":"","twitter_use_facebook":"","advanced_robots":"","pillar_content":"","seo_score":"","contentai_score":"","rich_snippet":""},"_links":{"self":[{"href":"https:\/\/dailynewshungary.com\/de\/wp-json\/wp\/v2\/posts\/771474","targetHints":{"allow":["GET"]}}],"collection":[{"href":"https:\/\/dailynewshungary.com\/de\/wp-json\/wp\/v2\/posts"}],"about":[{"href":"https:\/\/dailynewshungary.com\/de\/wp-json\/wp\/v2\/types\/post"}],"author":[{"embeddable":true,"href":"https:\/\/dailynewshungary.com\/de\/wp-json\/wp\/v2\/users\/2"}],"replies":[{"embeddable":true,"href":"https:\/\/dailynewshungary.com\/de\/wp-json\/wp\/v2\/comments?post=771474"}],"version-history":[{"count":0,"href":"https:\/\/dailynewshungary.com\/de\/wp-json\/wp\/v2\/posts\/771474\/revisions"}],"wp:featuredmedia":[{"embeddable":true,"href":"https:\/\/dailynewshungary.com\/de\/wp-json\/wp\/v2\/media\/771475"}],"wp:attachment":[{"href":"https:\/\/dailynewshungary.com\/de\/wp-json\/wp\/v2\/media?parent=771474"}],"wp:term":[{"taxonomy":"category","embeddable":true,"href":"https:\/\/dailynewshungary.com\/de\/wp-json\/wp\/v2\/categories?post=771474"},{"taxonomy":"post_tag","embeddable":true,"href":"https:\/\/dailynewshungary.com\/de\/wp-json\/wp\/v2\/tags?post=771474"}],"curies":[{"name":"wp","href":"https:\/\/api.w.org\/{rel}","templated":true}]}}