{"id":771486,"date":"2014-09-19T13:46:25","date_gmt":"2014-09-19T11:46:25","guid":{"rendered":"https:\/\/dailynewshungary.com\/de\/einweihungszeremonie-bei-der-univer-product-food-processing-and-trading-company\/"},"modified":"2014-09-19T13:46:25","modified_gmt":"2014-09-19T11:46:25","slug":"einweihungszeremonie-bei-der-univer-product-food-processing-and-trading-company","status":"publish","type":"post","link":"https:\/\/dailynewshungary.com\/de\/einweihungszeremonie-bei-der-univer-product-food-processing-and-trading-company\/","title":{"rendered":"Einweihungszeremonie bei der Univer Product Food Processing and Trading Company"},"content":{"rendered":"<p><strong>(MTI) \u2013 Die ungarische Wirtschaft sei in eine Phase nachhaltigen Wachstums eingetreten, was darauf hindeutet, dass sie auf den richtigen Weg gebracht wurde, sagte der Premierminister am Donnerstag.<\/strong><\/p>\n<p>Die Wirtschaft sei in den vergangenen sechs Monaten um fast 4 Prozent gewachsen, was in einer Zeit der Wirtschaftskrise eine \u201cbemerkenswerte Leistung\u201d an sich sei, sagte Viktor Orban bei einer Einweihungsfeier im Lebensmittelverarbeitungs &#8211; und Handelsunternehmen Univer Product in Kecskemet.<\/p>\n<p>Er sagte, dass Ungarn im Rahmen des mit der EU unterzeichneten Partnerschaftsabkommens in den n\u00e4chsten sieben Jahren Entwicklungen im Gesamtwert von 12.000 Milliarden Forint (38 Mrd. EUR) durchf\u00fchren werde.<\/p>\n<p>Bis zu 60 Prozent des Betrags werden f\u00fcr die wirtschaftliche Entwicklung verwendet, was seiner Meinung nach eine \u201cgute Nachricht\u201d f\u00fcr Ungarns kleine und mittlere Unternehmen (KMU) seiIn dem Bem\u00fchen, mehr Mittel f\u00fcr Unternehmen von der Gr\u00f6\u00dfe der Univer bereitzustellen, werden die rechtlichen Rahmenbedingungen f\u00fcr KMU neu gestaltet, sagte Orban.<\/p>\n<p>Das ungarische Unternehmen Univer hat die Konservenfabrik Kecskemet nicht nur von einem ausl\u00e4ndischen Eigent\u00fcmer zur\u00fcckgekauft, sondern betreibt sie auch effizienter, sagte Orban.<\/p>\n<p>Karoly Molitorisz, CEO von Univer, wies darauf hin, dass das Unternehmen 3,5 Milliarden Forint (11 Mio. EUR) in eine vollst\u00e4ndige Rekonstruktion investiert habe, wodurch die Anlage ihre Kapazit\u00e4t verdreifachen und 75.000 Tonnen Tomaten pro Jahr verarbeiten k\u00f6nne, sagte er.<\/p>\n<p>Balazs Szarka, Generaldirektor von Univer Cooperatives Zrt, sagte, Univer habe in den letzten f\u00fcnf Jahren 7,2 Milliarden Forint in die Entwicklung seines Unternehmens Kecskemet investiert.<\/p>\n<p><em>Foto: MTI \u2013 Sandor Ujvari<\/em><\/p>\n","protected":false},"excerpt":{"rendered":"<p>(MTI) \u2013 Die ungarische Wirtschaft sei in eine Phase nachhaltigen Wachstums eingetreten, was darauf hindeutet, dass sie auf den richtigen Weg gebracht wurde, sagte der Premierminister am Donnerstag. Die Wirtschaft sei in den vergangenen sechs Monaten um fast 4 Prozent gewachsen, was in einer Zeit der Wirtschaftskrise eine \u201cbemerkenswerte Leistung\u201d an sich sei, sagte Viktor [&hellip;]<\/p>\n","protected":false},"author":2,"featured_media":771487,"comment_status":"open","ping_status":"open","sticky":false,"template":"","format":"standard","meta":{"_acf_changed":false,"_display_image":"","footnotes":""},"categories":[1281],"tags":[1489,1128],"class_list":["post-771486","post","type-post","status-publish","format-standard","has-post-thumbnail","hentry","category-geschaft","tag-industrie","tag-viktor-orban"],"blocksy_meta":[],"acf":[],"author_username":"alk","telegram_post":"","public_post_metadata":{"breaking_news":"","important":"","csempe":"","center_tile":"","disable_thumbnail":"","target_lang":"","_featured_image_style":"","telegram_post":"","_xlat_group_id":""},"public_rank_math_data":{"title":"%title% %sep% %sitename%","description":"","focus_keyword":"","canonical_url":"","robots":"","primary_category":"1281","breadcrumb_title":"","facebook_title":"","facebook_description":"","facebook_image":"","facebook_image_id":"","twitter_title":"","twitter_description":"","twitter_image":"","twitter_image_id":"","twitter_card_type":"","twitter_use_facebook":"","advanced_robots":"","pillar_content":"","seo_score":"","contentai_score":"","rich_snippet":""},"_links":{"self":[{"href":"https:\/\/dailynewshungary.com\/de\/wp-json\/wp\/v2\/posts\/771486","targetHints":{"allow":["GET"]}}],"collection":[{"href":"https:\/\/dailynewshungary.com\/de\/wp-json\/wp\/v2\/posts"}],"about":[{"href":"https:\/\/dailynewshungary.com\/de\/wp-json\/wp\/v2\/types\/post"}],"author":[{"embeddable":true,"href":"https:\/\/dailynewshungary.com\/de\/wp-json\/wp\/v2\/users\/2"}],"replies":[{"embeddable":true,"href":"https:\/\/dailynewshungary.com\/de\/wp-json\/wp\/v2\/comments?post=771486"}],"version-history":[{"count":0,"href":"https:\/\/dailynewshungary.com\/de\/wp-json\/wp\/v2\/posts\/771486\/revisions"}],"wp:featuredmedia":[{"embeddable":true,"href":"https:\/\/dailynewshungary.com\/de\/wp-json\/wp\/v2\/media\/771487"}],"wp:attachment":[{"href":"https:\/\/dailynewshungary.com\/de\/wp-json\/wp\/v2\/media?parent=771486"}],"wp:term":[{"taxonomy":"category","embeddable":true,"href":"https:\/\/dailynewshungary.com\/de\/wp-json\/wp\/v2\/categories?post=771486"},{"taxonomy":"post_tag","embeddable":true,"href":"https:\/\/dailynewshungary.com\/de\/wp-json\/wp\/v2\/tags?post=771486"}],"curies":[{"name":"wp","href":"https:\/\/api.w.org\/{rel}","templated":true}]}}