{"id":771520,"date":"2014-09-17T10:29:43","date_gmt":"2014-09-17T08:29:43","guid":{"rendered":"https:\/\/dailynewshungary.com\/de\/orban-mehrheit-der-eu-mittel-zur-unterstutzung-von-unternehmen\/"},"modified":"2014-09-17T10:29:43","modified_gmt":"2014-09-17T08:29:43","slug":"orban-mehrheit-der-eu-mittel-zur-unterstutzung-von-unternehmen","status":"publish","type":"post","link":"https:\/\/dailynewshungary.com\/de\/orban-mehrheit-der-eu-mittel-zur-unterstutzung-von-unternehmen\/","title":{"rendered":"Orban: Mehrheit der EU-Mittel zur Unterst\u00fctzung von Unternehmen"},"content":{"rendered":"<p><strong>(MTI) 60 Prozent der Ungarn zugewiesenen EU-Mittel sollen ungarische Unternehmer sowie kleine und mittlere Unternehmen (KMU) in der kommenden Zeit erhalten, sagte Premierminister Viktor Orban am Dienstag.<\/strong><\/p>\n<p>Im Gespr\u00e4ch mit einem lokalen Fernsehsender in Baja, S\u00fcdungarn, sagte Orban, dass KMU die Mehrheit der Ungarn besch\u00e4ftigen und dass die Arbeitslosigkeit im Land vollst\u00e4ndig beseitigt w\u00fcrde, wenn sie ihren Mitarbeitern ein oder zwei Mitarbeiter hinzuf\u00fcgen k\u00f6nnten.<\/p>\n<p>Orban sagte, seine Regierung habe im Gegensatz zu denen vor 2010 darauf abzielte, im Europa des 21. Jahrhunderts eine Wirtschaft aufzubauen, in der jeder Arbeit finden k\u00f6nne. Ungarn sei mit einer Arbeitslosenquote von bis zu 8 Prozent kurz davor, dies zu erreichen, sagte er.<\/p>\n<p>Investitionen und Bruttoinlandsprodukt (BIP) steigen, w\u00e4hrend mehr Arbeitspl\u00e4tze geschaffen und neue Fabriken er\u00f6ffnet werden, sowohl ungarische als auch ausl\u00e4ndische Auch mehr Menschen leben vom Land, f\u00fcgte er hinzu.<\/p>\n<p>Er sagte, dass im Rahmen neuer Verwaltungs\u00e4nderungen Entscheidungen auf Kreisebene getroffen w\u00fcrden, um lokale Unternehmen mit F\u00f6rdermitteln f\u00fcr Konjunkturprogramme zu f\u00f6rdern. Bezirksversammlungen w\u00fcrden zu Entwicklungszentren werden, f\u00fcgte er hinzu.<\/p>\n<p>Zum Thema Abwanderung der Arbeitskr\u00e4fte sagte Orban, man m\u00fcsse verstehen, dass wir in einer neuen Welt leben, in der es keine Stacheldr\u00e4hte gibt. Wenn jemand Sprachen lernen und anderswo arbeiten m\u00f6chte, hofft, im Ausland mehr zu verdienen, oder keinen Job zu Hause hat, kann er sein Gl\u00fcck versuchen.<\/p>\n<blockquote>\n<p>\u201cDas ist nicht etwas Einzigartiges f\u00fcr Ungarn, aber es wird in der ungarischen Politik noch nicht verstanden\u201d, sagte er.<\/p>\n<\/blockquote>\n<p>Die Herausforderung f\u00fcr Ungarn sei die Abwanderung von Fachkr\u00e4ften durch reiche L\u00e4nder, die h\u00f6here Geh\u00e4lter anbieten. Dies k\u00f6nne jedoch nur dann unterst\u00fctzt werden, wenn Ungarn aufhole und auch mehr Lohn biete, sagte er.<\/p>\n<p>Es wird gesch\u00e4tzt, dass im Ausland lebende Ungarn j\u00e4hrlich etwa 600 Milliarden Forint (1,9 Mrd. EUR) nach Hause \u00fcberweisen, was eine unglaubliche Ressource f\u00fcr die ungarische Wirtschaft sei, sagte er.<\/p>\n<p>Er sagte, dass in einer offenen Wirtschaft in Europa die Mobilit\u00e4t der Arbeitskr\u00e4fte den Interessen Ungarns diene Als Beispiel verwies er auf Polen, wo es vor 3-4 Jahren zu Remigration kam und junge Unternehmer, die in ihre Heimat zur\u00fcckkehrten, ausl\u00e4ndische Erfahrungen und Kapital mitbrachten und so die Wirtschaft ankurbelten Der Premierminister sagte, er hoffe, dass dies in einigen Jahren auch in Ungarn passieren werde.<\/p>\n<p>Ungarns Entwicklungspolitik werde sich darauf konzentrieren, EU-Gelder getrennt an Gro\u00dfst\u00e4dte und Kreise zu verteilen, damit diese keine Gelder von kleinen Orten abziehen, sagte erInfolge vorrangiger Entwicklungen werde mehr f\u00fcr Autobahn- und Eisenbahnmodernisierungen ausgegeben, f\u00fcgte er hinzu.<\/p>\n<p><em>Foto: MTI \u2013 Tibor Illyes<\/em><\/p>\n","protected":false},"excerpt":{"rendered":"<p>(MTI) 60 Prozent der Ungarn zugewiesenen EU-Mittel sollen ungarische Unternehmer sowie kleine und mittlere Unternehmen (KMU) in der kommenden Zeit erhalten, sagte Premierminister Viktor Orban am Dienstag. Im Gespr\u00e4ch mit einem lokalen Fernsehsender in Baja, S\u00fcdungarn, sagte Orban, dass KMU die Mehrheit der Ungarn besch\u00e4ftigen und dass die Arbeitslosigkeit im Land vollst\u00e4ndig beseitigt w\u00fcrde, wenn [&hellip;]<\/p>\n","protected":false},"author":2,"featured_media":771521,"comment_status":"open","ping_status":"open","sticky":false,"template":"","format":"standard","meta":{"_acf_changed":false,"_display_image":"","footnotes":""},"categories":[1081],"tags":[1082,1128],"class_list":["post-771520","post","type-post","status-publish","format-standard","has-post-thumbnail","hentry","category-politik","tag-europaische-union","tag-viktor-orban"],"blocksy_meta":[],"acf":[],"author_username":"alk","telegram_post":"","public_post_metadata":{"breaking_news":"","important":"","csempe":"","center_tile":"","disable_thumbnail":"","target_lang":"","_featured_image_style":"","telegram_post":"","_xlat_group_id":""},"public_rank_math_data":{"title":"%title% %sep% %sitename%","description":"","focus_keyword":"","canonical_url":"","robots":"","primary_category":"1081","breadcrumb_title":"","facebook_title":"","facebook_description":"","facebook_image":"","facebook_image_id":"","twitter_title":"","twitter_description":"","twitter_image":"","twitter_image_id":"","twitter_card_type":"","twitter_use_facebook":"","advanced_robots":"","pillar_content":"","seo_score":"","contentai_score":"","rich_snippet":""},"_links":{"self":[{"href":"https:\/\/dailynewshungary.com\/de\/wp-json\/wp\/v2\/posts\/771520","targetHints":{"allow":["GET"]}}],"collection":[{"href":"https:\/\/dailynewshungary.com\/de\/wp-json\/wp\/v2\/posts"}],"about":[{"href":"https:\/\/dailynewshungary.com\/de\/wp-json\/wp\/v2\/types\/post"}],"author":[{"embeddable":true,"href":"https:\/\/dailynewshungary.com\/de\/wp-json\/wp\/v2\/users\/2"}],"replies":[{"embeddable":true,"href":"https:\/\/dailynewshungary.com\/de\/wp-json\/wp\/v2\/comments?post=771520"}],"version-history":[{"count":0,"href":"https:\/\/dailynewshungary.com\/de\/wp-json\/wp\/v2\/posts\/771520\/revisions"}],"wp:featuredmedia":[{"embeddable":true,"href":"https:\/\/dailynewshungary.com\/de\/wp-json\/wp\/v2\/media\/771521"}],"wp:attachment":[{"href":"https:\/\/dailynewshungary.com\/de\/wp-json\/wp\/v2\/media?parent=771520"}],"wp:term":[{"taxonomy":"category","embeddable":true,"href":"https:\/\/dailynewshungary.com\/de\/wp-json\/wp\/v2\/categories?post=771520"},{"taxonomy":"post_tag","embeddable":true,"href":"https:\/\/dailynewshungary.com\/de\/wp-json\/wp\/v2\/tags?post=771520"}],"curies":[{"name":"wp","href":"https:\/\/api.w.org\/{rel}","templated":true}]}}