{"id":771524,"date":"2014-09-16T17:34:04","date_gmt":"2014-09-16T15:34:04","guid":{"rendered":"https:\/\/dailynewshungary.com\/de\/der-judische-stiftungsleiter-nennt-zoltai-ruckruf-aus-dem-beitrag-beispiellos\/"},"modified":"2014-09-16T17:34:04","modified_gmt":"2014-09-16T15:34:04","slug":"der-judische-stiftungsleiter-nennt-zoltai-ruckruf-aus-dem-beitrag-beispiellos","status":"publish","type":"post","link":"https:\/\/dailynewshungary.com\/de\/der-judische-stiftungsleiter-nennt-zoltai-ruckruf-aus-dem-beitrag-beispiellos\/","title":{"rendered":"Der j\u00fcdische Stiftungsleiter nennt Zoltai R\u00fcckruf aus dem Beitrag \u201cbeispiellos\u201d"},"content":{"rendered":"<p><strong>Budapest, 15. September (MTI) \u201eWeiterlesen\u201cDer Pr\u00e4sident der Stiftung \u201eJ\u00fcdisches Erbe Mazsok\u201d rief Gustav Zoltai aufgrund seiner neuen Aufgabe als Berater der Regierung als \u201ebeispiellos\u201d zur\u00fcck<\/strong><\/p>\n<p>Gyorgy Szabo sprach mit MTI, nachdem die j\u00fcdische Gemeinde in der Budapester Dohany-Stra\u00dfe Zoltai von seinem Pr\u00e4sidentenposten in der Gemeinde zur\u00fcckgerufen hatte, als Reaktion darauf, dass Zoltai den j\u00fcngsten Auftrag von Janos Lazar, dem Leiter des B\u00fcros des Premierministers, angenommen hatte, als deren Berater zu arbeiten.<\/p>\n<p>Lazar bat Zoltai, den ehemaligen Leiter des Bundes Ungarischer J\u00fcdischer Gemeinden (Mazsihisz), die Regierung ab September in Streitfragen mit der j\u00fcdischen Gemeinde zu beraten.<\/p>\n<p>Szabo sagte, es w\u00e4re eine \u201cunverantwortliche Handlung\u201d gewesen, den Aufruf der Regierung abzulehnen, wenn sie sich Rat von jemandem mit umfassender Erfahrung in ungarischen j\u00fcdischen Angelegenheiten holen wolle.<\/p>\n<p>Er lobte Zoltai f\u00fcr sein \u201cau\u00dfergew\u00f6hnliches\u201d Wissen \u00fcber die j\u00fcdische Gemeinde Ungarns.<\/p>\n<p><em>Foto: MTI \u2013 Szilard Koszticsak<\/em><\/p>\n","protected":false},"excerpt":{"rendered":"<p>Budapest, 15. September (MTI) \u201eWeiterlesen\u201cDer Pr\u00e4sident der Stiftung \u201eJ\u00fcdisches Erbe Mazsok\u201d rief Gustav Zoltai aufgrund seiner neuen Aufgabe als Berater der Regierung als \u201ebeispiellos\u201d zur\u00fcck Gyorgy Szabo sprach mit MTI, nachdem die j\u00fcdische Gemeinde in der Budapester Dohany-Stra\u00dfe Zoltai von seinem Pr\u00e4sidentenposten in der Gemeinde zur\u00fcckgerufen hatte, als Reaktion darauf, dass Zoltai den j\u00fcngsten Auftrag [&hellip;]<\/p>\n","protected":false},"author":2,"featured_media":771525,"comment_status":"open","ping_status":"open","sticky":false,"template":"","format":"standard","meta":{"_acf_changed":false,"_display_image":"","footnotes":""},"categories":[1081],"tags":[1066],"class_list":["post-771524","post","type-post","status-publish","format-standard","has-post-thumbnail","hentry","category-politik","tag-hungary"],"blocksy_meta":[],"acf":[],"author_username":"alk","telegram_post":"","public_post_metadata":{"breaking_news":"","important":"","csempe":"","center_tile":"","disable_thumbnail":"","target_lang":"","_featured_image_style":"","telegram_post":"","_xlat_group_id":""},"public_rank_math_data":{"title":"%title% %sep% %sitename%","description":"","focus_keyword":"","canonical_url":"","robots":"","primary_category":"1081","breadcrumb_title":"","facebook_title":"","facebook_description":"","facebook_image":"","facebook_image_id":"","twitter_title":"","twitter_description":"","twitter_image":"","twitter_image_id":"","twitter_card_type":"","twitter_use_facebook":"","advanced_robots":"","pillar_content":"","seo_score":"","contentai_score":"","rich_snippet":""},"_links":{"self":[{"href":"https:\/\/dailynewshungary.com\/de\/wp-json\/wp\/v2\/posts\/771524","targetHints":{"allow":["GET"]}}],"collection":[{"href":"https:\/\/dailynewshungary.com\/de\/wp-json\/wp\/v2\/posts"}],"about":[{"href":"https:\/\/dailynewshungary.com\/de\/wp-json\/wp\/v2\/types\/post"}],"author":[{"embeddable":true,"href":"https:\/\/dailynewshungary.com\/de\/wp-json\/wp\/v2\/users\/2"}],"replies":[{"embeddable":true,"href":"https:\/\/dailynewshungary.com\/de\/wp-json\/wp\/v2\/comments?post=771524"}],"version-history":[{"count":0,"href":"https:\/\/dailynewshungary.com\/de\/wp-json\/wp\/v2\/posts\/771524\/revisions"}],"wp:featuredmedia":[{"embeddable":true,"href":"https:\/\/dailynewshungary.com\/de\/wp-json\/wp\/v2\/media\/771525"}],"wp:attachment":[{"href":"https:\/\/dailynewshungary.com\/de\/wp-json\/wp\/v2\/media?parent=771524"}],"wp:term":[{"taxonomy":"category","embeddable":true,"href":"https:\/\/dailynewshungary.com\/de\/wp-json\/wp\/v2\/categories?post=771524"},{"taxonomy":"post_tag","embeddable":true,"href":"https:\/\/dailynewshungary.com\/de\/wp-json\/wp\/v2\/tags?post=771524"}],"curies":[{"name":"wp","href":"https:\/\/api.w.org\/{rel}","templated":true}]}}