{"id":771530,"date":"2014-09-16T12:01:20","date_gmt":"2014-09-16T10:01:20","guid":{"rendered":"https:\/\/dailynewshungary.com\/de\/der-erste-tag-der-herbstsitzung-des-parlaments\/"},"modified":"2014-09-16T12:01:20","modified_gmt":"2014-09-16T10:01:20","slug":"der-erste-tag-der-herbstsitzung-des-parlaments","status":"publish","type":"post","link":"https:\/\/dailynewshungary.com\/de\/der-erste-tag-der-herbstsitzung-des-parlaments\/","title":{"rendered":"Der erste Tag der Herbstsitzung des Parlaments"},"content":{"rendered":"<p><strong>(MTI) \u2013 Zu den wirtschaftlichen Erfolgen der von Fidesz gef\u00fchrten Regierung geh\u00f6ren Steuersenkungen, Besch\u00e4ftigung auf einem 20-Jahres-Hoch, eine Arbeitslosenquote unter 8 Prozent, Investitionen um ein F\u00fcnftel im April-Juni und ungarische Industrieproduktion auf einem Dreijahreshoch, sagte der Premierminister den Gesetzgebern in seiner Er\u00f6ffnungsrede am ersten Tag der Herbstsitzung des Parlaments am Montag.<\/strong><\/p>\n<p><a href=\"https:\/\/dailynewshungary.com\/wp-content\/uploads\/2014\/09\/Download-13.jpg\" data-pswp-width=\"\" data-pswp-height=\"\" data-cropped=\"true\"><img loading=\"lazy\" decoding=\"async\" class=\" wp-image-10605 alignleft\" alt=\"Herunterladen (1)\" src=\"https:\/\/dailynewshungary.com\/wp-content\/uploads\/2014\/09\/Download-13-209x300.jpg\" width=\"209\" height=\"300\" srcset=\"https:\/\/contentf5.dailynewshungary.com\/wp-content\/uploads\/2014\/09\/Download-13-209x300.jpg 209w, https:\/\/contentf5.dailynewshungary.com\/wp-content\/uploads\/2014\/09\/Download-13.jpg 419w\" sizes=\"auto, (max-width: 209px) 100vw, 209px\"><\/a>Am Ende des Zyklus dieser Regierung k\u00f6nne Ungarn realistischerweise damit rechnen, die h\u00f6chste Industrieproduktion im Verh\u00e4ltnis zum BIP in Europa zu produzieren, sagte Viktor Orban.<\/p>\n<p>Das Bankabwicklungsgesetz zur Entsch\u00e4digung von Kreditnehmern, deren Vertr\u00e4ge von Banken einseitig ge\u00e4ndert wurden, werde sich auf die Ideale von Fairness, Gerechtigkeit und Ehre konzentrieren, sagte er und wies darauf hin, dass die Regierung die Entscheidung des Obersten Gerichtshofs von Kuria akzeptiert habe, in der einseitige \u00c4nderungen durch Banken als solche erkl\u00e4rt w\u00fcrden unlautere Praxis.<\/p>\n<p>Orban sagte, es sei notwendig, die Banken dazu zu bringen, Kunden im Interesse \u201edes \u00f6ffentlichen Wohls\u201czu entsch\u00e4digen. Bei den Bankenabschl\u00fcssen gehe es darum, \u201eallen ihre fairen Beitr\u00e4ge zu geben\u201d, sagte er. \u201eDies kann nur durch Zusammenarbeit erreicht werden, sagte er. Ungarn ist jetzt stark genug, um die notwendigen Entscheidungen zu treffen und durchzusetzen, f\u00fcgte er hinzu.\u201c\u201eDurch die Zusammenarbeit ist alles m\u00f6glich\u201d, sagte er und bat um die Unterst\u00fctzung aller Gesetzgeber, unabh\u00e4ngig von den Parteigenarben.<\/p>\n<p>Er sagte, es gebe bereits \u201cRosteln aus Br\u00fcssel\u201d und die Banken an sich seien \u201cm\u00e4chtig, mutig und gerissen\u201d, sagte Orban und f\u00fcgte hinzu, die Regierung m\u00fcsse vorbereitet sein.<\/p>\n<p>Die Regierung habe im Zusammenhang mit zwei stressigen Aspekten des Alltags eine Ver\u00e4nderung vornehmen k\u00f6nnen: hohe Stromrechnungen und hohe R\u00fcckzahlungen f\u00fcr Forex-Kredite, sagte der PremierministerDie verwalteten K\u00fcrzungen der Stromrechnungen h\u00e4tten sich auch positiv auf die Wirtschaft ausgewirkt, sagte Orban und f\u00fcgte hinzu, dass das System \u201eder Kern unserer Politik\u201csei und im Oktober mit einer Senkung der Fernw\u00e4rmepreise um 3,3 Prozent fortfahren werde.<\/p>\n<p>In seinem Kommentar zu dem Partnerschaftsabkommen, das Ungarn k\u00fcrzlich mit der Europ\u00e4ischen Kommission unterzeichnet hat, sagte er, das Dokument er\u00f6ffne \u201eeine neue \u00c4ra\u201cin den Beziehungen zwischen Ungarn und der EU und wies darauf hin, dass manchmal Konflikte notwendig seien, aber eine unverz\u00fcgliche Einigung angebracht sei, wenn dies im Interesse des Landes liege.<\/p>\n<p><strong>Antal Rogan, Fraktionschef der Regierungspartei Fidesz<\/strong>\u201eAngemerkte Bankabrechnungen betrafen nicht nur Fremdw\u00e4hrungskreditnehmer, sondern auch auf Forint lautende.\u201c\u201eAuch sie haben ein Recht auf faire Behandlung und m\u00fcssen gerecht werden\u201d, sagte er.<\/p>\n<p>Rogan \u00e4u\u00dferte sich zur Kritik an den j\u00fcngsten Polizeirazzien gegen zivile Gruppen, die an der Auszahlung norwegischer Zuschussgelder beteiligt waren, und sagte, das Gesetz m\u00fcsse von allen eingehalten werden und die Regierung werde nicht zulassen, dass Geld gestohlen werde, selbst wenn es aus Norwegen k\u00e4me.<\/p>\n<p><a href=\"https:\/\/dailynewshungary.com\/wp-content\/uploads\/2014\/09\/vona-hungary.jpg\" data-pswp-width=\"\" data-pswp-height=\"\" data-cropped=\"true\"><img loading=\"lazy\" decoding=\"async\" class=\"size-full wp-image-10604 aligncenter\" alt=\"vona-ungary\" src=\"https:\/\/dailynewshungary.com\/wp-content\/uploads\/2014\/09\/vona-hungary.jpg\" width=\"600\" height=\"392\" srcset=\"https:\/\/contentf5.dailynewshungary.com\/wp-content\/uploads\/2014\/09\/vona-hungary.jpg 600w, https:\/\/contentf5.dailynewshungary.com\/wp-content\/uploads\/2014\/09\/vona-hungary-300x196.jpg 300w\" sizes=\"auto, (max-width: 600px) 100vw, 600px\"><\/a><\/p>\n<p><strong>Gabor Vona, Vorsitzender der radikal-nationalistischen Jobbik-Partei<\/strong>, in seiner Antwort an Orban, sagte, dass Jobbik das Kreditausgleichsgesetz unterst\u00fctzen w\u00fcrde, weil es sich auf die Seite von Menschen stelle, die Verluste bei ihren Fremdw\u00e4hrungskrediten erlitten h\u00e4tten Vona f\u00fcgte jedoch hinzu, dass weitere Einzelheiten \u00fcber das Gesetz offengelegt werden m\u00fcssten, etwa was in Bezug auf bereits laufende R\u00e4umungen geschieht.<\/p>\n<p><a href=\"https:\/\/dailynewshungary.com\/wp-content\/uploads\/2014\/09\/mszp-tobias.jpg\" data-pswp-width=\"\" data-pswp-height=\"\" data-cropped=\"true\"><img loading=\"lazy\" decoding=\"async\" class=\" wp-image-10603 alignright\" alt=\"mszp-tobias\" src=\"https:\/\/dailynewshungary.com\/wp-content\/uploads\/2014\/09\/mszp-tobias-300x199.jpg\" width=\"210\" height=\"139\" srcset=\"https:\/\/contentf5.dailynewshungary.com\/wp-content\/uploads\/2014\/09\/mszp-tobias-300x200.jpg 300w, https:\/\/contentf5.dailynewshungary.com\/wp-content\/uploads\/2014\/09\/mszp-tobias.jpg 600w\" sizes=\"auto, (max-width: 210px) 100vw, 210px\"><\/a>Antwort auf die Ansprache des Premierministers, die <strong>Jozsef Tobias, der Fraktionsvorsitzende der oppositionellen Sozialisten<\/strong>\u201cverwarf die Regierung, die Gesellschaft abzuzockenEr sagte, die sozialen Ungleichheiten h\u00e4tten sich seit 2010 vergr\u00f6\u00dfertDen \u201c\u00f6ffentlichen G\u00fctern\u201d zu dienen, so Orban, missbrauche die Armen und sch\u00fcchtere NGOs einEs will keine soziale Harmonie, sondern einen dauerhaften Kampff\u00fcgte Tobias hinzu.<\/p>\n<p>Tobias schlug die Einrichtung parlamentarischer Unteraussch\u00fcsse vor, deren Aufgabe es ist, die Leistung der Regierung im Zeitraum 2010-2014 zu pr\u00fcfen und sich dabei auf Gesundheits- und \u00f6ffentliche Beschaffungsma\u00dfnahmen zu konzentrieren.<\/p>\n<p><strong>Die oppositionelle E-PM Partei<\/strong> Allianz sagte, die Regierung habe versprochen, das Forex-Problem f\u00fcnf Jahre lang zu l\u00f6sen, aber jede tats\u00e4chliche Einigung sei immer aufgeschoben worden Im Namen von E-PM sagte Zsuzsanna Szelenyi, die als unabh\u00e4ngige Abgeordnete sitzt, Reportern, dass die Regierung von der Forex-Frage \u201ceingeschlossen\u201d sei. Sie bemerkte, dass die Regierung im August eine Einigung bis zum Herbst versprochen habe, w\u00e4hrend \u201cOrban jetzt \u00fcber den Fr\u00fchling spricht\u201d.<\/p>\n<p>\u201cDas Ganze ist nur ein Vorwand f\u00fcr die Regierung, um Hass gegen die Banken zu sch\u00fcren und sich \u00fcber ihre verletzlichen Kunden lustig zu machen\u201d, sagte sie.<\/p>\n<p>E-PM schl\u00e4gt vor, dass die Regierung, Kreditnehmer und Banken gleicherma\u00dfen an der L\u00f6sung der Devisenfrage beteiligt werden sollten, sagte Szelenyi.<\/p>\n<p><strong>Gesetzgeber der oppositionellen Demokratischen Koalition (DK)<\/strong> Parlamentsdebatte fernbleiben und \u00fcber den Gesetzentwurf f\u00fcr Bankabrechnungen \u00fcber Forexkredite abstimmen werde, sagte Zsolt Greczy, der Sprecher der ParteiEr f\u00fcgte in einer Stellungnahme hinzu, dass der Forexkreditvorschlag \u201cmit Sicherheit verfassungswidrig\u201d sei und die Regierung nun bestrebt sei, eine \u201cverfassungswidrige Abhilfe f\u00fcr ein von ihr selbst geschaffenes Problem\u201d zu finden<\/p>\n<p><em>Foto: MTI \u2013 Tibor Illyes<\/em><\/p>\n","protected":false},"excerpt":{"rendered":"<p>(MTI) \u2013 Zu den wirtschaftlichen Erfolgen der von Fidesz gef\u00fchrten Regierung geh\u00f6ren Steuersenkungen, Besch\u00e4ftigung auf einem 20-Jahres-Hoch, eine Arbeitslosenquote unter 8 Prozent, Investitionen um ein F\u00fcnftel im April-Juni und ungarische Industrieproduktion auf einem Dreijahreshoch, sagte der Premierminister den Gesetzgebern in seiner Er\u00f6ffnungsrede am ersten Tag der Herbstsitzung des Parlaments am Montag. Am Ende des Zyklus [&hellip;]<\/p>\n","protected":false},"author":2,"featured_media":771531,"comment_status":"open","ping_status":"open","sticky":false,"template":"","format":"standard","meta":{"_acf_changed":false,"_display_image":"","footnotes":""},"categories":[1081],"tags":[1091,1632,1695],"class_list":["post-771530","post","type-post","status-publish","format-standard","has-post-thumbnail","hentry","category-politik","tag-fidesz","tag-jobbik","tag-sozialisten"],"blocksy_meta":[],"acf":[],"author_username":"alk","telegram_post":"","public_post_metadata":{"breaking_news":"","important":"","csempe":"","center_tile":"","disable_thumbnail":"","target_lang":"","_featured_image_style":"","telegram_post":"","_xlat_group_id":""},"public_rank_math_data":{"title":"%title% %sep% %sitename%","description":"","focus_keyword":"","canonical_url":"","robots":"","primary_category":"1081","breadcrumb_title":"","facebook_title":"","facebook_description":"","facebook_image":"","facebook_image_id":"","twitter_title":"","twitter_description":"","twitter_image":"","twitter_image_id":"","twitter_card_type":"","twitter_use_facebook":"","advanced_robots":"","pillar_content":"","seo_score":"","contentai_score":"","rich_snippet":""},"_links":{"self":[{"href":"https:\/\/dailynewshungary.com\/de\/wp-json\/wp\/v2\/posts\/771530","targetHints":{"allow":["GET"]}}],"collection":[{"href":"https:\/\/dailynewshungary.com\/de\/wp-json\/wp\/v2\/posts"}],"about":[{"href":"https:\/\/dailynewshungary.com\/de\/wp-json\/wp\/v2\/types\/post"}],"author":[{"embeddable":true,"href":"https:\/\/dailynewshungary.com\/de\/wp-json\/wp\/v2\/users\/2"}],"replies":[{"embeddable":true,"href":"https:\/\/dailynewshungary.com\/de\/wp-json\/wp\/v2\/comments?post=771530"}],"version-history":[{"count":0,"href":"https:\/\/dailynewshungary.com\/de\/wp-json\/wp\/v2\/posts\/771530\/revisions"}],"wp:featuredmedia":[{"embeddable":true,"href":"https:\/\/dailynewshungary.com\/de\/wp-json\/wp\/v2\/media\/771531"}],"wp:attachment":[{"href":"https:\/\/dailynewshungary.com\/de\/wp-json\/wp\/v2\/media?parent=771530"}],"wp:term":[{"taxonomy":"category","embeddable":true,"href":"https:\/\/dailynewshungary.com\/de\/wp-json\/wp\/v2\/categories?post=771530"},{"taxonomy":"post_tag","embeddable":true,"href":"https:\/\/dailynewshungary.com\/de\/wp-json\/wp\/v2\/tags?post=771530"}],"curies":[{"name":"wp","href":"https:\/\/api.w.org\/{rel}","templated":true}]}}