{"id":771532,"date":"2014-09-16T10:06:16","date_gmt":"2014-09-16T08:06:16","guid":{"rendered":"https:\/\/dailynewshungary.com\/de\/ungarisches-natl-handelshaus-zur-eroffnung-der-einheit-in-rio\/"},"modified":"2014-09-16T10:06:16","modified_gmt":"2014-09-16T08:06:16","slug":"ungarisches-natl-handelshaus-zur-eroffnung-der-einheit-in-rio","status":"publish","type":"post","link":"https:\/\/dailynewshungary.com\/de\/ungarisches-natl-handelshaus-zur-eroffnung-der-einheit-in-rio\/","title":{"rendered":"Ungarisches Natl-Handelshaus zur Er\u00f6ffnung der Einheit in Rio"},"content":{"rendered":"<p><strong>Budapest, 16. September (MTI) \u201eDas ungarische Nationalhandelshaus er\u00f6ffnet sein erstes B\u00fcro in Amerika, teilte die Gesch\u00e4ftszeitung Napi Gazdasag heute mit.<\/strong><\/p>\n<p>Rio de Janeiro werde in wenigen Tagen ge\u00f6ffnet sein und einer in Mexiko werde bis Ende des Jahres in Betrieb sein, sagte der Gesch\u00e4ftsf\u00fchrer des Unternehmens, das die Handelsh\u00e4user leitet, Gyorgy Kerekes, der Zeitung. Es folgt Chile.<\/p>\n<p>Die Idee besteht darin, ungarischen Unternehmen dabei zu helfen, sich auf ausl\u00e4ndischen M\u00e4rkten zu etablieren.<\/p>\n<p>Kerekes sagte, dass sich das Unternehmen nach der Ausrichtung auf Entwicklungsl\u00e4nder auf die Vereinigten Staaten, Kanada, Japan und Korea konzentrieren werde.<\/p>\n<p><em>Foto:&nbsp;<a href=\"http:\/\/player.hu\/eletmod\/sport\/tippmixpro-brazil-hullam-brazil-alomut-ajanlo\/\" data-ved=\"0CAYQjB0\" target=\"_blank\" rel=\"noopener\">Spieler.hu<\/a><\/em><\/p>\n","protected":false},"excerpt":{"rendered":"<p>Budapest, 16. September (MTI) \u201eDas ungarische Nationalhandelshaus er\u00f6ffnet sein erstes B\u00fcro in Amerika, teilte die Gesch\u00e4ftszeitung Napi Gazdasag heute mit. Rio de Janeiro werde in wenigen Tagen ge\u00f6ffnet sein und einer in Mexiko werde bis Ende des Jahres in Betrieb sein, sagte der Gesch\u00e4ftsf\u00fchrer des Unternehmens, das die Handelsh\u00e4user leitet, Gyorgy Kerekes, der Zeitung. Es [&hellip;]<\/p>\n","protected":false},"author":2,"featured_media":771533,"comment_status":"open","ping_status":"open","sticky":false,"template":"","format":"standard","meta":{"_acf_changed":false,"_display_image":"","footnotes":""},"categories":[1281],"tags":[1066],"class_list":["post-771532","post","type-post","status-publish","format-standard","has-post-thumbnail","hentry","category-geschaft","tag-hungary"],"blocksy_meta":[],"acf":[],"author_username":"alk","telegram_post":"","public_post_metadata":{"breaking_news":"","important":"","csempe":"","center_tile":"","disable_thumbnail":"","target_lang":"","_featured_image_style":"","telegram_post":"","_xlat_group_id":""},"public_rank_math_data":{"title":"%title% %sep% %sitename%","description":"","focus_keyword":"","canonical_url":"","robots":"","primary_category":"1281","breadcrumb_title":"","facebook_title":"","facebook_description":"","facebook_image":"","facebook_image_id":"","twitter_title":"","twitter_description":"","twitter_image":"","twitter_image_id":"","twitter_card_type":"","twitter_use_facebook":"","advanced_robots":"","pillar_content":"","seo_score":"","contentai_score":"","rich_snippet":""},"_links":{"self":[{"href":"https:\/\/dailynewshungary.com\/de\/wp-json\/wp\/v2\/posts\/771532","targetHints":{"allow":["GET"]}}],"collection":[{"href":"https:\/\/dailynewshungary.com\/de\/wp-json\/wp\/v2\/posts"}],"about":[{"href":"https:\/\/dailynewshungary.com\/de\/wp-json\/wp\/v2\/types\/post"}],"author":[{"embeddable":true,"href":"https:\/\/dailynewshungary.com\/de\/wp-json\/wp\/v2\/users\/2"}],"replies":[{"embeddable":true,"href":"https:\/\/dailynewshungary.com\/de\/wp-json\/wp\/v2\/comments?post=771532"}],"version-history":[{"count":0,"href":"https:\/\/dailynewshungary.com\/de\/wp-json\/wp\/v2\/posts\/771532\/revisions"}],"wp:featuredmedia":[{"embeddable":true,"href":"https:\/\/dailynewshungary.com\/de\/wp-json\/wp\/v2\/media\/771533"}],"wp:attachment":[{"href":"https:\/\/dailynewshungary.com\/de\/wp-json\/wp\/v2\/media?parent=771532"}],"wp:term":[{"taxonomy":"category","embeddable":true,"href":"https:\/\/dailynewshungary.com\/de\/wp-json\/wp\/v2\/categories?post=771532"},{"taxonomy":"post_tag","embeddable":true,"href":"https:\/\/dailynewshungary.com\/de\/wp-json\/wp\/v2\/tags?post=771532"}],"curies":[{"name":"wp","href":"https:\/\/api.w.org\/{rel}","templated":true}]}}