{"id":771538,"date":"2014-09-15T16:02:45","date_gmt":"2014-09-15T14:02:45","guid":{"rendered":"https:\/\/dailynewshungary.com\/de\/sozialistischer-parteidirektor-tritt-zuruck\/"},"modified":"2014-09-15T16:02:45","modified_gmt":"2014-09-15T14:02:45","slug":"sozialistischer-parteidirektor-tritt-zuruck","status":"publish","type":"post","link":"https:\/\/dailynewshungary.com\/de\/sozialistischer-parteidirektor-tritt-zuruck\/","title":{"rendered":"Sozialistischer Parteidirektor tritt zur\u00fcck"},"content":{"rendered":"<p><strong>Budapest, 15. September (MTI) \u2013 Arpad Velez ist von seinem Amt als Direktor der Sozialistischen Partei zur\u00fcckgetreten, sagte der stellvertretende Vorsitzende der Oppositionspartei heute gegen\u00fcber MTI.<\/strong><\/p>\n<p>Velez reichte seinen R\u00fccktritt beim Parteivorsitzenden Jozsef Tobias ein, der ihn akzeptierte, sagte der stellvertretende Vorsitzende Zoltan Gogos.<\/p>\n<p>Seit M\u00e4rz 2012 war Velez Parteidirektor.<\/p>\n<p>Das Nachrichtenportal index.hu berichtete am Sonntag, dass Velez, ein enger Freund des ehemaligen Parteivorsitzenden Attila Mesterhazy, sagte, er werde zur\u00fccktreten, weil er das Gef\u00fchl habe, das Vertrauen der Parteif\u00fchrung verloren zu haben.<\/p>\n<p>Die Tageszeitung Nepszabadsag berichtete Anfang September, dass das Geb\u00e4ude, in dem die Sozialisten ihren Hauptsitz im Zentrum von Budapest haben, zum Verkauf stehe, da die Partei mit der R\u00fcckzahlung eines Darlehens, das sie f\u00fcr den Kauf des Geb\u00e4udes verwendet hatte, sowie mit Wartungskosten zu k\u00e4mpfen habe, die auf 150 Millionen Forint gesch\u00e4tzt w\u00fcrden (476.300 EUR) pro Jahr.<\/p>\n<p>Die Finanzen der Sozialistischen Partei erlitten in den vergangenen Jahren mehrere Schl\u00e4ge, wobei die gesch\u00e4tzten Schulden der Partei etwa 2 Milliarden Forint betrugen, wie eine Analyse des Think-Tanks Nezopont Ende Mai sagteIn der Zwischenzeit ist auch die Finanzierung der Partei zur\u00fcckgegangenDie Sozialisten haben mehr als die H\u00e4lfte ihrer Mitarbeiter losgelassen und ihre B\u00fcros vermietetDie angeh\u00e4uften Schulden haben den Weg f\u00fcr innerparteiliche Streitigkeiten geebnet, sagten die Analysten von Nezopont.<\/p>\n<p><em>Foto: mszp.hu<\/em><\/p>\n","protected":false},"excerpt":{"rendered":"<p>Budapest, 15. September (MTI) \u2013 Arpad Velez ist von seinem Amt als Direktor der Sozialistischen Partei zur\u00fcckgetreten, sagte der stellvertretende Vorsitzende der Oppositionspartei heute gegen\u00fcber MTI. Velez reichte seinen R\u00fccktritt beim Parteivorsitzenden Jozsef Tobias ein, der ihn akzeptierte, sagte der stellvertretende Vorsitzende Zoltan Gogos. Seit M\u00e4rz 2012 war Velez Parteidirektor. Das Nachrichtenportal index.hu berichtete am [&hellip;]<\/p>\n","protected":false},"author":2,"featured_media":771539,"comment_status":"open","ping_status":"open","sticky":false,"template":"","format":"standard","meta":{"_acf_changed":false,"_display_image":"","footnotes":""},"categories":[1081],"tags":[1695],"class_list":["post-771538","post","type-post","status-publish","format-standard","has-post-thumbnail","hentry","category-politik","tag-sozialisten"],"blocksy_meta":[],"acf":[],"author_username":"alk","telegram_post":"","public_post_metadata":{"breaking_news":"","important":"","csempe":"","center_tile":"","disable_thumbnail":"","target_lang":"","_featured_image_style":"","telegram_post":"","_xlat_group_id":""},"public_rank_math_data":{"title":"%title% %sep% %sitename%","description":"","focus_keyword":"","canonical_url":"","robots":"","primary_category":"1081","breadcrumb_title":"","facebook_title":"","facebook_description":"","facebook_image":"","facebook_image_id":"","twitter_title":"","twitter_description":"","twitter_image":"","twitter_image_id":"","twitter_card_type":"","twitter_use_facebook":"","advanced_robots":"","pillar_content":"","seo_score":"","contentai_score":"","rich_snippet":""},"_links":{"self":[{"href":"https:\/\/dailynewshungary.com\/de\/wp-json\/wp\/v2\/posts\/771538","targetHints":{"allow":["GET"]}}],"collection":[{"href":"https:\/\/dailynewshungary.com\/de\/wp-json\/wp\/v2\/posts"}],"about":[{"href":"https:\/\/dailynewshungary.com\/de\/wp-json\/wp\/v2\/types\/post"}],"author":[{"embeddable":true,"href":"https:\/\/dailynewshungary.com\/de\/wp-json\/wp\/v2\/users\/2"}],"replies":[{"embeddable":true,"href":"https:\/\/dailynewshungary.com\/de\/wp-json\/wp\/v2\/comments?post=771538"}],"version-history":[{"count":0,"href":"https:\/\/dailynewshungary.com\/de\/wp-json\/wp\/v2\/posts\/771538\/revisions"}],"wp:featuredmedia":[{"embeddable":true,"href":"https:\/\/dailynewshungary.com\/de\/wp-json\/wp\/v2\/media\/771539"}],"wp:attachment":[{"href":"https:\/\/dailynewshungary.com\/de\/wp-json\/wp\/v2\/media?parent=771538"}],"wp:term":[{"taxonomy":"category","embeddable":true,"href":"https:\/\/dailynewshungary.com\/de\/wp-json\/wp\/v2\/categories?post=771538"},{"taxonomy":"post_tag","embeddable":true,"href":"https:\/\/dailynewshungary.com\/de\/wp-json\/wp\/v2\/tags?post=771538"}],"curies":[{"name":"wp","href":"https:\/\/api.w.org\/{rel}","templated":true}]}}