{"id":771550,"date":"2014-09-14T21:20:33","date_gmt":"2014-09-14T19:20:33","guid":{"rendered":"https:\/\/dailynewshungary.com\/de\/uberschwemmungsschutzbemuhungen-finden-entlang-von-uber-200-km-statt\/"},"modified":"2014-09-14T21:20:33","modified_gmt":"2014-09-14T19:20:33","slug":"uberschwemmungsschutzbemuhungen-finden-entlang-von-uber-200-km-statt","status":"publish","type":"post","link":"https:\/\/dailynewshungary.com\/de\/uberschwemmungsschutzbemuhungen-finden-entlang-von-uber-200-km-statt\/","title":{"rendered":"\u00dcberschwemmungsschutzbem\u00fchungen finden entlang von \u00fcber 200 km statt"},"content":{"rendered":"<p><strong>Budapest, 14. September (MTI) \u201eUngarn hat entlang von mehr als 200 km Wasserstra\u00dfen Hochwasserschutzma\u00dfnahmen durchgef\u00fchrt, da in Westungarn mehrere Fl\u00fcsse \u00fcberschwemmt werden, teilte die nationale technische Einsatzeinheit (OMIT) MTI am Sonntag mit.<\/strong><\/p>\n<p>Die Bedingungen k\u00f6nnten sich an mehreren Orten weiter verschlechtern, f\u00fcgten sie hinzu.<\/p>\n<p>Die h\u00f6chste Hochwasserwarnstufe gilt auf mehr als 13 km an den Fl\u00fcssen Raba und Pinka im westlichen Teil des Landes. Alarm zweiten Grades gilt auf 56 km an der Drau im S\u00fcdosten und Alarm ersten Grades auf mehr als 149 km an den Fl\u00fcssen Donau, Lajta, Mura und Zala sowie am Principalis-Kanal.<\/p>\n<p>Am Sonntagnachmittag wurden Entscheidungen zur Evakuierung von Bewohnern an zwei weiteren Orten im Kreis Zala, Zalaszombatfa und Szijartohaza, getroffen, und es gibt Pl\u00e4ne f\u00fcr weitere Evakuierungen, falls sich die Situation verschlimmern sollte, sagte Gyorgy Bakondi, Leiter der nationalen Katastrophenschutzbeh\u00f6rde, am Sonntag.<\/p>\n<p>Polizei und Katastrophenschutz versuchen \u00fcber Slowenien Zugang zu vier durch die \u00dcberschwemmungen abgeschnittenen Gemeinden zu erhalten.<\/p>\n<p>Auch in Csakanydoroszlo im Kreis Vas mussten achtzehn Menschen evakuiert werden.<\/p>\n<p>Der Wasserstand im Raba-Fluss sinkt bereits bei Szentgotthard und zwischen Szombathely und Graz, \u00d6sterreich, verkehren wieder Z\u00fcge.<\/p>\n<p>Etwa 6.100 Hektar Land wurden \u00fcberschwemmt, darunter 1.300 Hektar Pflugfelder.<\/p>\n<p>Das nationale Stra\u00dfeninstandhaltungsunternehmen Magyar Kozut Nonprofit sagte, dass etwas mehr als 50 km Stra\u00dfenabschnitte auf 22 Stra\u00dfen, haupts\u00e4chlich Nebenstra\u00dfen, gesperrt seien. Am Sonntagnachmittag werden in den Landkreisen Baranya, Gyor-Moson-Sopron, Vas und Zala.<\/p>\n<p>Mittlerweile wurde f\u00fcr acht St\u00e4dte und D\u00f6rfer im mittelungarischen Komitat Jasz-Nagykun-Szolnok eine Warnung vor steigenden Binnengew\u00e4ssern ausgegeben. Es wurden jedoch keine Bewohner evakuiert und der Verkehr in der Gegend ist ungest\u00f6rt.<\/p>\n<p>Am Sonntagnachmittag wurden weitere Stra\u00dfensperrungen aus Westungarn gemeldet, wo mit Bakonypoloske ein weiteres Dorf abgeschnitten wurde, ein lokaler Bach hat Stra\u00dfen in Ajka \u00fcberflutet, und zehn Menschen mussten ihre \u00fcberschwemmten H\u00e4user in Pecsely verlassen, berichtete das Katastrophenmanagement.<\/p>\n<p>Der nationale Wetterdienst sagte, am Montag sei mit weiteren starken Regenf\u00e4llen mit Ausnahme des Nordostens zu rechnen.<\/p>\n<p><em>Foto: MTI \u2013 Gyorgy Varga<\/em><\/p>\n","protected":false},"excerpt":{"rendered":"<p>Budapest, 14. September (MTI) \u201eUngarn hat entlang von mehr als 200 km Wasserstra\u00dfen Hochwasserschutzma\u00dfnahmen durchgef\u00fchrt, da in Westungarn mehrere Fl\u00fcsse \u00fcberschwemmt werden, teilte die nationale technische Einsatzeinheit (OMIT) MTI am Sonntag mit. Die Bedingungen k\u00f6nnten sich an mehreren Orten weiter verschlechtern, f\u00fcgten sie hinzu. Die h\u00f6chste Hochwasserwarnstufe gilt auf mehr als 13 km an den [&hellip;]<\/p>\n","protected":false},"author":2,"featured_media":771551,"comment_status":"open","ping_status":"open","sticky":false,"template":"","format":"standard","meta":{"_acf_changed":false,"_display_image":"","footnotes":""},"categories":[1098],"tags":[1066],"class_list":["post-771550","post","type-post","status-publish","format-standard","has-post-thumbnail","hentry","category-gesellschaft","tag-hungary"],"blocksy_meta":[],"acf":[],"author_username":"alk","telegram_post":"","public_post_metadata":{"breaking_news":"","important":"","csempe":"","center_tile":"","disable_thumbnail":"","target_lang":"","_featured_image_style":"","telegram_post":"","_xlat_group_id":""},"public_rank_math_data":{"title":"%title% %sep% %sitename%","description":"","focus_keyword":"","canonical_url":"","robots":"","primary_category":"1098","breadcrumb_title":"","facebook_title":"","facebook_description":"","facebook_image":"","facebook_image_id":"","twitter_title":"","twitter_description":"","twitter_image":"","twitter_image_id":"","twitter_card_type":"","twitter_use_facebook":"","advanced_robots":"","pillar_content":"","seo_score":"","contentai_score":"","rich_snippet":""},"_links":{"self":[{"href":"https:\/\/dailynewshungary.com\/de\/wp-json\/wp\/v2\/posts\/771550","targetHints":{"allow":["GET"]}}],"collection":[{"href":"https:\/\/dailynewshungary.com\/de\/wp-json\/wp\/v2\/posts"}],"about":[{"href":"https:\/\/dailynewshungary.com\/de\/wp-json\/wp\/v2\/types\/post"}],"author":[{"embeddable":true,"href":"https:\/\/dailynewshungary.com\/de\/wp-json\/wp\/v2\/users\/2"}],"replies":[{"embeddable":true,"href":"https:\/\/dailynewshungary.com\/de\/wp-json\/wp\/v2\/comments?post=771550"}],"version-history":[{"count":0,"href":"https:\/\/dailynewshungary.com\/de\/wp-json\/wp\/v2\/posts\/771550\/revisions"}],"wp:featuredmedia":[{"embeddable":true,"href":"https:\/\/dailynewshungary.com\/de\/wp-json\/wp\/v2\/media\/771551"}],"wp:attachment":[{"href":"https:\/\/dailynewshungary.com\/de\/wp-json\/wp\/v2\/media?parent=771550"}],"wp:term":[{"taxonomy":"category","embeddable":true,"href":"https:\/\/dailynewshungary.com\/de\/wp-json\/wp\/v2\/categories?post=771550"},{"taxonomy":"post_tag","embeddable":true,"href":"https:\/\/dailynewshungary.com\/de\/wp-json\/wp\/v2\/tags?post=771550"}],"curies":[{"name":"wp","href":"https:\/\/api.w.org\/{rel}","templated":true}]}}