{"id":771552,"date":"2014-09-14T17:30:02","date_gmt":"2014-09-14T15:30:02","guid":{"rendered":"https:\/\/dailynewshungary.com\/de\/hunderte-protestieren-gegen-die-regierungspolitik-gegenuber-zivilgruppen\/"},"modified":"2014-09-14T17:30:02","modified_gmt":"2014-09-14T15:30:02","slug":"hunderte-protestieren-gegen-die-regierungspolitik-gegenuber-zivilgruppen","status":"publish","type":"post","link":"https:\/\/dailynewshungary.com\/de\/hunderte-protestieren-gegen-die-regierungspolitik-gegenuber-zivilgruppen\/","title":{"rendered":"Hunderte protestieren gegen die Regierungspolitik gegen\u00fcber Zivilgruppen"},"content":{"rendered":"<p><strong>(MTI) \u2013 Hunderte protestierten am Samstag in Budapest gegen die Politik der Regierung gegen\u00fcber Zivilorganisationen und polizeiliche Ma\u00dfnahmen gegen Stiftungen, die sich mit der Auszahlung norwegischer Zivilzusch\u00fcsse befassen.<\/strong><\/p>\n<p>Auf der von der nichtstaatlichen Human Platform organisierten Demonstration sagte der Aktivist Marton Gulyas, das j\u00fcngste Vorgehen gegen unabh\u00e4ngige Zivilorganisationen sei \u201eein indirekter Angriff\u201cauf alle ungarischen B\u00fcrger. \u201eUnser Feind ist nicht die Regierung und nicht der Premierminister, sondern Gleichg\u00fcltigkeit und Apathie\u201d, sagte Gulyas.<\/p>\n<p>Der Aktivist nannte es inakzeptabel, dass die Regierung die Polizei \u201canordnen\u201d solle gegen zivile Gruppen, Dokumente zu beschlagnahmen, die sie nicht auf rechtm\u00e4\u00dfige Weise erhalten k\u00f6nne \u201cDie Regierung muss gezwungen werden, das zu stoppen\u201d, bestand er darauf.<\/p>\n<p><a href=\"https:\/\/dailynewshungary.com\/wp-content\/uploads\/2014\/09\/Download-52.jpg\" data-pswp-width=\"\" data-pswp-height=\"\" data-cropped=\"true\"><img loading=\"lazy\" decoding=\"async\" class=\"size-full wp-image-10545 aligncenter\" alt=\"Herunterladen (5)\" src=\"https:\/\/dailynewshungary.com\/wp-content\/uploads\/2014\/09\/Download-52.jpg\" width=\"600\" height=\"400\" srcset=\"https:\/\/contentf5.dailynewshungary.com\/wp-content\/uploads\/2014\/09\/Download-52.jpg 600w, https:\/\/contentf5.dailynewshungary.com\/wp-content\/uploads\/2014\/09\/Download-52-300x200.jpg 300w\" sizes=\"auto, (max-width: 600px) 100vw, 600px\"><\/a><\/p>\n<p>Die Teilnehmer hielten offene, aus Pappe ausgeschnittene Palmen hoch, um \u201eNein zu Angriffen der Regierung\u201cgegen die Zivilgesellschaft zu symbolisieren.<\/p>\n<p>Am Montag durchsuchte die Polizei die Budapester B\u00fcros von Okotars- und DemNet-Stiftungen unter dem Verdacht der Unterschlagung und unerlaubter Finanzaktivit\u00e4ten. Diese beiden Stiftungen sind Mitglieder eines Konsortiums, das die Verteilung von Norwegen-Stipendien in Ungarn durchf\u00fchrt.<\/p>\n<p><em>Foto: MTI \u2013 Bence J\u00e1rd\u00e1ny<\/em><\/p>\n","protected":false},"excerpt":{"rendered":"<p>(MTI) \u2013 Hunderte protestierten am Samstag in Budapest gegen die Politik der Regierung gegen\u00fcber Zivilorganisationen und polizeiliche Ma\u00dfnahmen gegen Stiftungen, die sich mit der Auszahlung norwegischer Zivilzusch\u00fcsse befassen. Auf der von der nichtstaatlichen Human Platform organisierten Demonstration sagte der Aktivist Marton Gulyas, das j\u00fcngste Vorgehen gegen unabh\u00e4ngige Zivilorganisationen sei \u201eein indirekter Angriff\u201cauf alle ungarischen B\u00fcrger. [&hellip;]<\/p>\n","protected":false},"author":2,"featured_media":771553,"comment_status":"open","ping_status":"open","sticky":false,"template":"","format":"standard","meta":{"_acf_changed":false,"_display_image":"","footnotes":""},"categories":[1081],"tags":[1266],"class_list":["post-771552","post","type-post","status-publish","format-standard","has-post-thumbnail","hentry","category-politik","tag-demonstration"],"blocksy_meta":[],"acf":[],"author_username":"alk","telegram_post":"","public_post_metadata":{"breaking_news":"","important":"","csempe":"","center_tile":"","disable_thumbnail":"","target_lang":"","_featured_image_style":"","telegram_post":"","_xlat_group_id":""},"public_rank_math_data":{"title":"%title% %sep% %sitename%","description":"","focus_keyword":"","canonical_url":"","robots":"","primary_category":"1081","breadcrumb_title":"","facebook_title":"","facebook_description":"","facebook_image":"","facebook_image_id":"","twitter_title":"","twitter_description":"","twitter_image":"","twitter_image_id":"","twitter_card_type":"","twitter_use_facebook":"","advanced_robots":"","pillar_content":"","seo_score":"","contentai_score":"","rich_snippet":""},"_links":{"self":[{"href":"https:\/\/dailynewshungary.com\/de\/wp-json\/wp\/v2\/posts\/771552","targetHints":{"allow":["GET"]}}],"collection":[{"href":"https:\/\/dailynewshungary.com\/de\/wp-json\/wp\/v2\/posts"}],"about":[{"href":"https:\/\/dailynewshungary.com\/de\/wp-json\/wp\/v2\/types\/post"}],"author":[{"embeddable":true,"href":"https:\/\/dailynewshungary.com\/de\/wp-json\/wp\/v2\/users\/2"}],"replies":[{"embeddable":true,"href":"https:\/\/dailynewshungary.com\/de\/wp-json\/wp\/v2\/comments?post=771552"}],"version-history":[{"count":0,"href":"https:\/\/dailynewshungary.com\/de\/wp-json\/wp\/v2\/posts\/771552\/revisions"}],"wp:featuredmedia":[{"embeddable":true,"href":"https:\/\/dailynewshungary.com\/de\/wp-json\/wp\/v2\/media\/771553"}],"wp:attachment":[{"href":"https:\/\/dailynewshungary.com\/de\/wp-json\/wp\/v2\/media?parent=771552"}],"wp:term":[{"taxonomy":"category","embeddable":true,"href":"https:\/\/dailynewshungary.com\/de\/wp-json\/wp\/v2\/categories?post=771552"},{"taxonomy":"post_tag","embeddable":true,"href":"https:\/\/dailynewshungary.com\/de\/wp-json\/wp\/v2\/tags?post=771552"}],"curies":[{"name":"wp","href":"https:\/\/api.w.org\/{rel}","templated":true}]}}