{"id":771560,"date":"2014-09-13T18:15:04","date_gmt":"2014-09-13T16:15:04","guid":{"rendered":"https:\/\/dailynewshungary.com\/de\/fidesz-entscheidet-uber-die-rechnung-fur-gemeinnutzige-staatliche-stadtwerke\/"},"modified":"2014-09-13T18:15:04","modified_gmt":"2014-09-13T16:15:04","slug":"fidesz-entscheidet-uber-die-rechnung-fur-gemeinnutzige-staatliche-stadtwerke","status":"publish","type":"post","link":"https:\/\/dailynewshungary.com\/de\/fidesz-entscheidet-uber-die-rechnung-fur-gemeinnutzige-staatliche-stadtwerke\/","title":{"rendered":"Fidesz entscheidet \u00fcber die Rechnung f\u00fcr gemeinn\u00fctzige staatliche Stadtwerke"},"content":{"rendered":"<p><strong>(MTI) \u2013 Die regierende Fidesz-Partei hat die Regierung gebeten, die notwendigen Gesetzes\u00e4nderungen vorzubereiten, um staatliche, gemeinn\u00fctzige \u00f6ffentliche Versorgungsunternehmen zu gr\u00fcnden, sagte Antal Rogan, Fraktionsvorsitzender von Fidesz, am Freitag auf einer Pressekonferenz.<\/strong><\/p>\n<p>Rogan sagte nach einer dreit\u00e4gigen Fraktionssitzung auch, dass das Gesetz zur St\u00e4rkung des Verbraucherschutzes bis zum 24. September zur Genehmigung durch das Parlament bereit sein werde.<\/p>\n<p>Zum Thema der Norwegen-Zusch\u00fcsse sagte Rogan, die Fidesz-Gruppe sei zu dem Schluss gekommen, dass die ungarischen Gesetze f\u00fcr alle gelten \u201cIn Ungarn kann nicht einmal Geld aus Norwegen gestohlen werden, und NGOs k\u00f6nnen auch nicht stehlen\u201d, sagte er und f\u00fcgte hinzu, dass die Menschen geduldig sein sollten, bis die Ermittlungen der Beh\u00f6rden abgeschlossen seien.<\/p>\n<p>Er sagte, dass Fidesz eine Reihe von Gesetzen und Vorschriften zum Kinderschutz \u00fcberpr\u00fcfen werde und Einzelheiten sp\u00e4ter der \u00d6ffentlichkeit mitgeteilt w\u00fcrden.<\/p>\n<p>Peter Harrach, der Fraktionsvorsitzende der verb\u00fcndeten Christdemokraten, sagte, dass die Unmengen an EU-Mitteln, die in den n\u00e4chsten sieben Jahren nach Ungarn kommen, Vorbereitungen f\u00fcr einen Zeitraum erm\u00f6glichen w\u00fcrden, in dem \u201cdie Selbstunterst\u00fctzung im Bereich der Entwicklungen sichergestellt werden muss\u201d<\/p>\n<p>Im Rahmen des mit der Europ\u00e4ischen Kommission unterzeichneten Partnerschaftsabkommens erh\u00e4lt Ungarn im Zeitraum 2014-2020 eine EU-Unterst\u00fctzung in H\u00f6he von 34 Milliarden Euro, die Entwicklungen im Gesamtwert von 12.000 Milliarden Forint (38 Mrd. EUR) erm\u00f6glichen wird.<\/p>\n<p>Auf die Frage nach einem anderen Thema im Zusammenhang mit Angelegenheiten des zentralen 5. Bezirks von Budapest, wo er B\u00fcrgermeister ist, sagte Rogan, er habe keine Informationen \u00fcber Untersuchungen zu den Finanzen der Kommunalverwaltung oder zu gew\u00e4hlten Kommunalbeamten. Er sagte, es sei die Nachricht aufgetaucht, dass ein Oppositions-B\u00fcrgermeisterkandidat \u201ef\u00fcr Wahlkampfzwecke\u201cAnklage erhoben habe\u201d. Rogan sagte, es seien Anklagen wegen Verleumdung gegen die Verleumdung erhoben worden.<\/p>\n<p><em>Foto: MTI \u2013 Szilard Koszticsak<\/em><\/p>\n","protected":false},"excerpt":{"rendered":"<p>(MTI) \u2013 Die regierende Fidesz-Partei hat die Regierung gebeten, die notwendigen Gesetzes\u00e4nderungen vorzubereiten, um staatliche, gemeinn\u00fctzige \u00f6ffentliche Versorgungsunternehmen zu gr\u00fcnden, sagte Antal Rogan, Fraktionsvorsitzender von Fidesz, am Freitag auf einer Pressekonferenz. Rogan sagte nach einer dreit\u00e4gigen Fraktionssitzung auch, dass das Gesetz zur St\u00e4rkung des Verbraucherschutzes bis zum 24. September zur Genehmigung durch das Parlament bereit [&hellip;]<\/p>\n","protected":false},"author":2,"featured_media":771561,"comment_status":"open","ping_status":"open","sticky":false,"template":"","format":"standard","meta":{"_acf_changed":false,"_display_image":"","footnotes":""},"categories":[1281],"tags":[1091],"class_list":["post-771560","post","type-post","status-publish","format-standard","has-post-thumbnail","hentry","category-geschaft","tag-fidesz"],"blocksy_meta":[],"acf":[],"author_username":"alk","telegram_post":"","public_post_metadata":{"breaking_news":"","important":"","csempe":"","center_tile":"","disable_thumbnail":"","target_lang":"","_featured_image_style":"","telegram_post":"","_xlat_group_id":""},"public_rank_math_data":{"title":"%title% %sep% %sitename%","description":"","focus_keyword":"","canonical_url":"","robots":"","primary_category":"1281","breadcrumb_title":"","facebook_title":"","facebook_description":"","facebook_image":"","facebook_image_id":"","twitter_title":"","twitter_description":"","twitter_image":"","twitter_image_id":"","twitter_card_type":"","twitter_use_facebook":"","advanced_robots":"","pillar_content":"","seo_score":"","contentai_score":"","rich_snippet":""},"_links":{"self":[{"href":"https:\/\/dailynewshungary.com\/de\/wp-json\/wp\/v2\/posts\/771560","targetHints":{"allow":["GET"]}}],"collection":[{"href":"https:\/\/dailynewshungary.com\/de\/wp-json\/wp\/v2\/posts"}],"about":[{"href":"https:\/\/dailynewshungary.com\/de\/wp-json\/wp\/v2\/types\/post"}],"author":[{"embeddable":true,"href":"https:\/\/dailynewshungary.com\/de\/wp-json\/wp\/v2\/users\/2"}],"replies":[{"embeddable":true,"href":"https:\/\/dailynewshungary.com\/de\/wp-json\/wp\/v2\/comments?post=771560"}],"version-history":[{"count":0,"href":"https:\/\/dailynewshungary.com\/de\/wp-json\/wp\/v2\/posts\/771560\/revisions"}],"wp:featuredmedia":[{"embeddable":true,"href":"https:\/\/dailynewshungary.com\/de\/wp-json\/wp\/v2\/media\/771561"}],"wp:attachment":[{"href":"https:\/\/dailynewshungary.com\/de\/wp-json\/wp\/v2\/media?parent=771560"}],"wp:term":[{"taxonomy":"category","embeddable":true,"href":"https:\/\/dailynewshungary.com\/de\/wp-json\/wp\/v2\/categories?post=771560"},{"taxonomy":"post_tag","embeddable":true,"href":"https:\/\/dailynewshungary.com\/de\/wp-json\/wp\/v2\/tags?post=771560"}],"curies":[{"name":"wp","href":"https:\/\/api.w.org\/{rel}","templated":true}]}}