{"id":771637,"date":"2014-09-07T20:02:29","date_gmt":"2014-09-07T18:02:29","guid":{"rendered":"https:\/\/dailynewshungary.com\/de\/orban-chance-europas-modernste-konservative-zu-sein\/"},"modified":"2014-09-07T20:02:29","modified_gmt":"2014-09-07T18:02:29","slug":"orban-chance-europas-modernste-konservative-zu-sein","status":"publish","type":"post","link":"https:\/\/dailynewshungary.com\/de\/orban-chance-europas-modernste-konservative-zu-sein\/","title":{"rendered":"Orban: Chance, \u201cEuropas modernste Konservative\u201d zu sein"},"content":{"rendered":"<p><strong>Budapest, 7. September (MTI) \u201eDie Ungarn folgen heute keiner Ideologie, sagte der Premierminister am Sonntag, und \u201ewir lehnen die Utopie in all ihren Formen ab und glauben an die Freiheit.\u201c\u201d Er f\u00fcgte hinzu: \u201eJetzt besteht f\u00fcr die Ungarn die Chance, \u201eEuropa zu sein.\u201cmodernste Konservative\u201d<\/strong><\/p>\n<p>\u201cIm Sieb des liberalen Relativismus und des sozialistischen Egalitarismus sind Worte wie Hingabe, Engagement, Lob, Standhaftigkeit, Respekt, Gr\u00f6\u00dfe, Heimat, Hingabe, Rang, Ordnung und Solidit\u00e4t herausgefiltert worden\u201d Viktor Orban sagte in einer Rede zur Er\u00f6ffnung des akademischen Jahres \u201cDiese geh\u00f6ren nicht mehr zur Volkssprache, doch ohne sie w\u00e4ren wir heute kaum hier; ohne sie w\u00e4ren wir kaum \u00dcberlebende der vergangenen hundert Jahre gewesen, f\u00fcgte der Premierminister hinzu.<\/p>\n<p>Mit Blick auf aktuelle Krisenherde wie die benachbarte Ukraine sagte er, es sei nicht sicher, was die n\u00e4chsten Monate bringen w\u00fcrden, geschweige denn die n\u00e4chsten hundert Jahre.<\/p>\n<p><a href=\"https:\/\/dailynewshungary.com\/wp-content\/uploads\/2014\/09\/debrecen.jpg\" data-pswp-width=\"\" data-pswp-height=\"\" data-cropped=\"true\"><img loading=\"lazy\" decoding=\"async\" class=\"size-full wp-image-10385 aligncenter\" alt=\"debrecen\" src=\"https:\/\/dailynewshungary.com\/wp-content\/uploads\/2014\/09\/debrecen.jpg\" width=\"600\" height=\"400\" srcset=\"https:\/\/contentf5.dailynewshungary.com\/wp-content\/uploads\/2014\/09\/debrecen.jpg 600w, https:\/\/contentf5.dailynewshungary.com\/wp-content\/uploads\/2014\/09\/debrecen-300x200.jpg 300w\" sizes=\"auto, (max-width: 600px) 100vw, 600px\"><\/a><\/p>\n<blockquote>\n<p>\u201cVor einem Jahr schien es unvorstellbar, dass ein Staat, der an Ungarn grenzt, vom Zerfall bedroht w\u00e4re, oder dass unter den Fl\u00e4chenbr\u00e4nden des Islamischen Staates (IS) Bilder von enthaupteten Christen auf den Gemeinschaftswebsites ihrer Henker verbreitet w\u00fcrden\u201d, sagte er \u201cIn solch unsicheren Zeiten gibt es eine Brutst\u00e4tte des Zynismus, insbesondere was V\u00f6lker betrifft, die unter kommunistischen Regimen gewogen wurden, das hei\u00dft: \u201eArbeit ist f\u00fcr die Saugn\u00e4pfe, \u201eRespekt und Ehre sind eine Schande\u201coder \u201eDie Nation ist nur ein Witz\u201d. Orban forderte die Sch\u00fcler auf, sich nicht dem Zynismus hinzugeben, denn \u201ees kommt\u201d.<\/p>\n<\/blockquote>\n<p>\u201cWarum sollten wir nicht behaupten, dass ein normaler Mensch von den Fr\u00fcchten seiner Arbeit lebt, dass ungarisches Land den Ungarn geh\u00f6ren sollte&#8230; oder dass die Familie an erster Stelle steht oder dass die Heimat uns geh\u00f6rt?\u201d<\/p>\n<p>Orban sagte, dass Universit\u00e4ten f\u00fcr Familien und die ganze Nation verantwortlich seien und die Regierung an dieser Verantwortung beteiligt sei.<\/p>\n<p>Bei der Veranstaltung zur Feier des Jubil\u00e4ums der Debrecen-Universit\u00e4t in der reformierten Gro\u00dfen Kirche der Stadt sagte Orban, kultiviertes Humankapital sei Ungarns wichtigstes \u201eGoldreservat\u201cund daher bestehe eine einfache Erwartung: \u201eUniversit\u00e4ten sollten den Wert von \u201eTalenten aus Familien\u201d vervielfachen\u201d mit n\u00fctzlichem Wissen und einem wertvollen Abschluss.<\/p>\n<p><em>Foto: MTI \u2013 Zsolt Czegledi<\/em><\/p>\n","protected":false},"excerpt":{"rendered":"<p>Budapest, 7. September (MTI) \u201eDie Ungarn folgen heute keiner Ideologie, sagte der Premierminister am Sonntag, und \u201ewir lehnen die Utopie in all ihren Formen ab und glauben an die Freiheit.\u201c\u201d Er f\u00fcgte hinzu: \u201eJetzt besteht f\u00fcr die Ungarn die Chance, \u201eEuropa zu sein.\u201cmodernste Konservative\u201d \u201cIm Sieb des liberalen Relativismus und des sozialistischen Egalitarismus sind Worte [&hellip;]<\/p>\n","protected":false},"author":2,"featured_media":771638,"comment_status":"open","ping_status":"open","sticky":false,"template":"","format":"standard","meta":{"_acf_changed":false,"_display_image":"","footnotes":""},"categories":[1081],"tags":[1128],"class_list":["post-771637","post","type-post","status-publish","format-standard","has-post-thumbnail","hentry","category-politik","tag-viktor-orban"],"blocksy_meta":[],"acf":[],"author_username":"alk","telegram_post":"","public_post_metadata":{"breaking_news":"","important":"","csempe":"","center_tile":"","disable_thumbnail":"","target_lang":"","_featured_image_style":"","telegram_post":"","_xlat_group_id":""},"public_rank_math_data":{"title":"%title% %sep% %sitename%","description":"","focus_keyword":"","canonical_url":"","robots":"","primary_category":"1081","breadcrumb_title":"","facebook_title":"","facebook_description":"","facebook_image":"","facebook_image_id":"","twitter_title":"","twitter_description":"","twitter_image":"","twitter_image_id":"","twitter_card_type":"","twitter_use_facebook":"","advanced_robots":"","pillar_content":"","seo_score":"","contentai_score":"","rich_snippet":""},"_links":{"self":[{"href":"https:\/\/dailynewshungary.com\/de\/wp-json\/wp\/v2\/posts\/771637","targetHints":{"allow":["GET"]}}],"collection":[{"href":"https:\/\/dailynewshungary.com\/de\/wp-json\/wp\/v2\/posts"}],"about":[{"href":"https:\/\/dailynewshungary.com\/de\/wp-json\/wp\/v2\/types\/post"}],"author":[{"embeddable":true,"href":"https:\/\/dailynewshungary.com\/de\/wp-json\/wp\/v2\/users\/2"}],"replies":[{"embeddable":true,"href":"https:\/\/dailynewshungary.com\/de\/wp-json\/wp\/v2\/comments?post=771637"}],"version-history":[{"count":0,"href":"https:\/\/dailynewshungary.com\/de\/wp-json\/wp\/v2\/posts\/771637\/revisions"}],"wp:featuredmedia":[{"embeddable":true,"href":"https:\/\/dailynewshungary.com\/de\/wp-json\/wp\/v2\/media\/771638"}],"wp:attachment":[{"href":"https:\/\/dailynewshungary.com\/de\/wp-json\/wp\/v2\/media?parent=771637"}],"wp:term":[{"taxonomy":"category","embeddable":true,"href":"https:\/\/dailynewshungary.com\/de\/wp-json\/wp\/v2\/categories?post=771637"},{"taxonomy":"post_tag","embeddable":true,"href":"https:\/\/dailynewshungary.com\/de\/wp-json\/wp\/v2\/tags?post=771637"}],"curies":[{"name":"wp","href":"https:\/\/api.w.org\/{rel}","templated":true}]}}