{"id":771651,"date":"2014-09-06T12:15:30","date_gmt":"2014-09-06T10:15:30","guid":{"rendered":"https:\/\/dailynewshungary.com\/de\/tobias-wurde-zum-fraktionsvorsitzenden-der-sozialistischen-parlamente-gewahlt\/"},"modified":"2014-09-06T12:15:30","modified_gmt":"2014-09-06T10:15:30","slug":"tobias-wurde-zum-fraktionsvorsitzenden-der-sozialistischen-parlamente-gewahlt","status":"publish","type":"post","link":"https:\/\/dailynewshungary.com\/de\/tobias-wurde-zum-fraktionsvorsitzenden-der-sozialistischen-parlamente-gewahlt\/","title":{"rendered":"Tobias wurde zum Fraktionsvorsitzenden der sozialistischen Parlamente gew\u00e4hlt"},"content":{"rendered":"<p><strong>(MTI) \u2013 Die Abgeordneten der oppositionellen Sozialistischen Partei haben Jozsef Tobias einstimmig zu ihrem neuen Fraktionsvorsitzenden gew\u00e4hlt.<\/strong><\/p>\n<p>Zu Beginn einer zweit\u00e4gigen Sitzung der Fraktion am Freitag wurde Tobias als Nachfolger von Attila Mesterhazy gew\u00e4hlt, der am 29. Mai aufgrund des schlechten Abschneidens der Partei bei den Parlamentswahlen im April zur\u00fccktrat.<\/p>\n<p>Tobias wurde Mitte Juli zum Vorsitzenden der Sozialistischen Partei gew\u00e4hlt.<\/p>\n<p>Tobias sagte nach seiner Wahl auf einer Pressekonferenz im nordungarischen Matrahaza, dass die Sozialisten die Regierung auffordern, die Rettung von Fremdw\u00e4hrungskreditnehmern zu beschleunigen und Forex-Kredite so schnell wie m\u00f6glich, vorzugsweise noch im Herbst, in Forint umzuwandeln.<\/p>\n<p>Das Orban-Matolcsy-Duo sei die Hauptursache f\u00fcr die Probleme, unter denen Devisenkreditnehmer heute aufgrund ihrer gescheiterten Wirtschaftspolitik leiden, die den Forint seit 2010 geschw\u00e4cht habe, sagte er.<\/p>\n<p><em>Foto: MTI \u2013 Janos Vajda<\/em><\/p>\n","protected":false},"excerpt":{"rendered":"<p>(MTI) \u2013 Die Abgeordneten der oppositionellen Sozialistischen Partei haben Jozsef Tobias einstimmig zu ihrem neuen Fraktionsvorsitzenden gew\u00e4hlt. Zu Beginn einer zweit\u00e4gigen Sitzung der Fraktion am Freitag wurde Tobias als Nachfolger von Attila Mesterhazy gew\u00e4hlt, der am 29. Mai aufgrund des schlechten Abschneidens der Partei bei den Parlamentswahlen im April zur\u00fccktrat. Tobias wurde Mitte Juli zum [&hellip;]<\/p>\n","protected":false},"author":2,"featured_media":771652,"comment_status":"open","ping_status":"open","sticky":false,"template":"","format":"standard","meta":{"_acf_changed":false,"_display_image":"","footnotes":""},"categories":[1081],"tags":[1695],"class_list":["post-771651","post","type-post","status-publish","format-standard","has-post-thumbnail","hentry","category-politik","tag-sozialisten"],"blocksy_meta":[],"acf":[],"author_username":"alk","telegram_post":"","public_post_metadata":{"breaking_news":"","important":"","csempe":"","center_tile":"","disable_thumbnail":"","target_lang":"","_featured_image_style":"","telegram_post":"","_xlat_group_id":""},"public_rank_math_data":{"title":"%title% %sep% %sitename%","description":"","focus_keyword":"","canonical_url":"","robots":"","primary_category":"1081","breadcrumb_title":"","facebook_title":"","facebook_description":"","facebook_image":"","facebook_image_id":"","twitter_title":"","twitter_description":"","twitter_image":"","twitter_image_id":"","twitter_card_type":"","twitter_use_facebook":"","advanced_robots":"","pillar_content":"","seo_score":"","contentai_score":"","rich_snippet":""},"_links":{"self":[{"href":"https:\/\/dailynewshungary.com\/de\/wp-json\/wp\/v2\/posts\/771651","targetHints":{"allow":["GET"]}}],"collection":[{"href":"https:\/\/dailynewshungary.com\/de\/wp-json\/wp\/v2\/posts"}],"about":[{"href":"https:\/\/dailynewshungary.com\/de\/wp-json\/wp\/v2\/types\/post"}],"author":[{"embeddable":true,"href":"https:\/\/dailynewshungary.com\/de\/wp-json\/wp\/v2\/users\/2"}],"replies":[{"embeddable":true,"href":"https:\/\/dailynewshungary.com\/de\/wp-json\/wp\/v2\/comments?post=771651"}],"version-history":[{"count":0,"href":"https:\/\/dailynewshungary.com\/de\/wp-json\/wp\/v2\/posts\/771651\/revisions"}],"wp:featuredmedia":[{"embeddable":true,"href":"https:\/\/dailynewshungary.com\/de\/wp-json\/wp\/v2\/media\/771652"}],"wp:attachment":[{"href":"https:\/\/dailynewshungary.com\/de\/wp-json\/wp\/v2\/media?parent=771651"}],"wp:term":[{"taxonomy":"category","embeddable":true,"href":"https:\/\/dailynewshungary.com\/de\/wp-json\/wp\/v2\/categories?post=771651"},{"taxonomy":"post_tag","embeddable":true,"href":"https:\/\/dailynewshungary.com\/de\/wp-json\/wp\/v2\/tags?post=771651"}],"curies":[{"name":"wp","href":"https:\/\/api.w.org\/{rel}","templated":true}]}}