{"id":771681,"date":"2014-09-04T10:02:33","date_gmt":"2014-09-04T08:02:33","guid":{"rendered":"https:\/\/dailynewshungary.com\/de\/freedom-express-kommt-in-budapest-an\/"},"modified":"2014-09-04T10:02:33","modified_gmt":"2014-09-04T08:02:33","slug":"freedom-express-kommt-in-budapest-an","status":"publish","type":"post","link":"https:\/\/dailynewshungary.com\/de\/freedom-express-kommt-in-budapest-an\/","title":{"rendered":"Freedom Express kommt in Budapest an"},"content":{"rendered":"<p><strong>(MTI) \u2013 Ein internationales Sozial- und Bildungsprojekt namens Freedom Express zum Gedenken an den 25. Jahrestag des Sturzes des Kommunismus in Europa traf am Mittwoch in Budapest ein.<\/strong><\/p>\n<p>Das vom Warschauer European Network Remembrance and Solidarity (ENRS) initiierte Projekt reist durch Polen, Ungarn, Rum\u00e4nien, die Slowakei, Tschechien und Deutschland, nach Zwischenstopps in Danzig und Warschau bleibt es zwei Tage in Budapest.<\/p>\n<p>Nachdem der Express in Budapest angekommen war, pr\u00e4sentierten die Organisatoren den Reiseplan f\u00fcr den Aufenthalt, der mit einem Besuch des Memento-Parks beginnt, in dem Statuen aus der kommunistischen \u00c4ra ausgestellt sind.<\/p>\n<p>ENRS-Direktor Rafal Rogulski sagte, Freedom Express transportiere 20 junge Menschen aus 10 europ\u00e4ischen L\u00e4ndern und Costa Rica, die alle nach dem Zusammenbruch des Kommunismus in Europa geboren wurden. Ungarn wird von Anna Rubi vertreten, derzeit Filmstudentin in der Schweiz.<\/p>\n<p>Das Projekt wurde in Zusammenarbeit mit Kulturministerien und Institutionen realisiert, die sich auf die Geschichte des 20. Jahrhunderts in den L\u00e4ndern spezialisiert haben, durch die der Express reist. Die ungarischen Partner sind das Ministerium f\u00fcr Humanressourcen, das Forschungsinstitut und die Archive zur Geschichte des Regimewechsels Retorki und das Polnische Institut in Budapest.<\/p>\n<p>Am Mittwochnachmittag trafen die Teilnehmer im Parlament einige Schl\u00fcsselpers\u00f6nlichkeiten aus der Zeit des Regimewechsels zusammen, darunter Parlamentspr\u00e4sident Laszlo Kover und der ehemalige Pr\u00e4sident Matyas Szuros.<\/p>\n<p>Kover sagte den Teilnehmern, dass viele junge Fachkr\u00e4fte, die am Regimewechsel beteiligt waren, in die Politik hineingezogen wurden, obwohl sie sich nicht darauf vorbereiteten, Gesetzgeber zu werden. Sie hatten jedoch das Gef\u00fchl, dass sie eine Lebensaufgabe hatten, die \u00fcber die Aus\u00fcbung ihres urspr\u00fcnglichen Berufs hinausging, f\u00fcgte er hinzu.<\/p>\n<p>Die Zweidrittelmehrheit von Fidesz sei 2011 n\u00f6tig gewesen, um die neue Konstitution Ungarns zu verabschieden, und dies sei der eigentliche Regimewechsel gewesen, sagte der stellvertretende Sprecher des Repr\u00e4sentantenhauses, Sandor Lezsak, Au\u00dferdem erw\u00e4hnte er die p\u00e4pstliche Thronbesteigung von Karol Wojtyla im Jahr 1978 als Eckpfeiler in der Geschichte Osteuropas.<\/p>\n<p>Die Teilnehmer trafen Matyas Szuros, den Interimspr\u00e4sidenten von 1989, der Ungarn am 23. Oktober zur Republik erkl\u00e4rte, Er sagte, dass die politische Elite der Zeit, die Kommunistische Partei und die neuen demokratischen Kr\u00e4fte sich alle einig seien, dass keine Reformen ohne politische Wende durchgef\u00fchrt werden k\u00f6nnten Er sagte, er habe w\u00e4hrend der Gespr\u00e4che des nationalen Runden Tisches eine Koordinierungsaufgabe wahrgenommen.<\/p>\n<p>Szuros merkte an, dass es kein Zufall sei, dass die Erkl\u00e4rung Ungarns zur Republik am 23. Oktober erfolgteSie wollten absichtlich den Geist des Freiheitskampfes von 1956 heraufbeschw\u00f6ren.<\/p>\n<p>Peter Tolgyessy, ein liberaler Politiker, sagte den Besuchern, dass die \u201cPlanwirtschaft\u201d im kommunistischen Stil zu diesem Zeitpunkt unhaltbar geworden sei Daher h\u00e4tte eine gewaltsame Unterdr\u00fcckung genau wie in Polen die Situation nur versch\u00e4rft und Ungarn w\u00e4re Mitte der 80 er Jahre sofort zahlungsunf\u00e4hig geworden Er bezeichnete den Regimewechsel als einen \u201cseltsamen \u00dcbergang\u201d, der letztlich einen anderen Weg eingeschlagen habe als der anderer L\u00e4nder.<\/p>\n<p>Auf dem Programm f\u00fcr Donnerstag stehen ein Besuch im Museum des Hauses des Terrors und eine Bootsfahrt auf der Donau mit Vortr\u00e4gen des Polnischen Instituts \u00fcber den Fall des Kommunismus.<\/p>\n<p>Zum Lesen des Blogs der Reise besuchen www.1989.enrs.eu\/blog.<\/p>\n<p><em>Foto: MTI \u2013 Zoltan Mathe<\/em><\/p>\n","protected":false},"excerpt":{"rendered":"<p>(MTI) \u2013 Ein internationales Sozial- und Bildungsprojekt namens Freedom Express zum Gedenken an den 25. Jahrestag des Sturzes des Kommunismus in Europa traf am Mittwoch in Budapest ein. Das vom Warschauer European Network Remembrance and Solidarity (ENRS) initiierte Projekt reist durch Polen, Ungarn, Rum\u00e4nien, die Slowakei, Tschechien und Deutschland, nach Zwischenstopps in Danzig und Warschau [&hellip;]<\/p>\n","protected":false},"author":2,"featured_media":771682,"comment_status":"open","ping_status":"open","sticky":false,"template":"","format":"standard","meta":{"_acf_changed":false,"_display_image":"","footnotes":""},"categories":[1081],"tags":[1125],"class_list":["post-771681","post","type-post","status-publish","format-standard","has-post-thumbnail","hentry","category-politik","tag-geschichte"],"blocksy_meta":[],"acf":[],"author_username":"alk","telegram_post":"","public_post_metadata":{"breaking_news":"","important":"","csempe":"","center_tile":"","disable_thumbnail":"","target_lang":"","_featured_image_style":"","telegram_post":"","_xlat_group_id":""},"public_rank_math_data":{"title":"%title% %sep% %sitename%","description":"","focus_keyword":"","canonical_url":"","robots":"","primary_category":"1081","breadcrumb_title":"","facebook_title":"","facebook_description":"","facebook_image":"","facebook_image_id":"","twitter_title":"","twitter_description":"","twitter_image":"","twitter_image_id":"","twitter_card_type":"","twitter_use_facebook":"","advanced_robots":"","pillar_content":"","seo_score":"","contentai_score":"","rich_snippet":""},"_links":{"self":[{"href":"https:\/\/dailynewshungary.com\/de\/wp-json\/wp\/v2\/posts\/771681","targetHints":{"allow":["GET"]}}],"collection":[{"href":"https:\/\/dailynewshungary.com\/de\/wp-json\/wp\/v2\/posts"}],"about":[{"href":"https:\/\/dailynewshungary.com\/de\/wp-json\/wp\/v2\/types\/post"}],"author":[{"embeddable":true,"href":"https:\/\/dailynewshungary.com\/de\/wp-json\/wp\/v2\/users\/2"}],"replies":[{"embeddable":true,"href":"https:\/\/dailynewshungary.com\/de\/wp-json\/wp\/v2\/comments?post=771681"}],"version-history":[{"count":0,"href":"https:\/\/dailynewshungary.com\/de\/wp-json\/wp\/v2\/posts\/771681\/revisions"}],"wp:featuredmedia":[{"embeddable":true,"href":"https:\/\/dailynewshungary.com\/de\/wp-json\/wp\/v2\/media\/771682"}],"wp:attachment":[{"href":"https:\/\/dailynewshungary.com\/de\/wp-json\/wp\/v2\/media?parent=771681"}],"wp:term":[{"taxonomy":"category","embeddable":true,"href":"https:\/\/dailynewshungary.com\/de\/wp-json\/wp\/v2\/categories?post=771681"},{"taxonomy":"post_tag","embeddable":true,"href":"https:\/\/dailynewshungary.com\/de\/wp-json\/wp\/v2\/tags?post=771681"}],"curies":[{"name":"wp","href":"https:\/\/api.w.org\/{rel}","templated":true}]}}