{"id":771683,"date":"2014-09-04T08:08:49","date_gmt":"2014-09-04T06:08:49","guid":{"rendered":"https:\/\/dailynewshungary.com\/de\/mav-zur-einrichtung-einer-facility-management-einheit\/"},"modified":"2014-09-04T08:08:49","modified_gmt":"2014-09-04T06:08:49","slug":"mav-zur-einrichtung-einer-facility-management-einheit","status":"publish","type":"post","link":"https:\/\/dailynewshungary.com\/de\/mav-zur-einrichtung-einer-facility-management-einheit\/","title":{"rendered":"MAV zur Einrichtung einer Facility-Management-Einheit"},"content":{"rendered":"<p><strong>(MTI) \u2013 Das staatliche ungarische Eisenbahnunternehmen MAV wird eine Facility-Management-Einheit einrichten, um das Eigentum und die Verm\u00f6genswerte der Eisenbahn abzuwickeln, gab Laszlo Pal, stellvertretender CEO von MAV General, am Mittwoch bekannt.<\/strong><\/p>\n<p>Pal sagte, dass MAV eine gro\u00dfe Menge ungenutzter Immobilien besitze, und wies darauf hin, dass das Unternehmen im vergangenen Jahr 2.100 Immobilien an den ungarischen Staat zur\u00fcckgegeben habe.<\/p>\n<p>Pal f\u00fcgte hinzu, dass es sehr wichtig sei, dass MAV nur die f\u00fcr den Betrieb des Unternehmens notwendigen Immobilien behalte.<\/p>\n<p>Auf der Konferenz erkl\u00e4rte Entwicklungsminister Miklos Sesztak, dass die Wettbewerbsf\u00e4higkeit Ungarns ohne sein Schienennetz nicht gesteigert werden k\u00f6nne.Zwischen 2010 und 2014 stellte die Regierung 760 Milliarden Forint (2,43 Mrd. EUR) f\u00fcr den Ausbau des Eisenbahnsystems bereit.<\/p>\n","protected":false},"excerpt":{"rendered":"<p>(MTI) \u2013 Das staatliche ungarische Eisenbahnunternehmen MAV wird eine Facility-Management-Einheit einrichten, um das Eigentum und die Verm\u00f6genswerte der Eisenbahn abzuwickeln, gab Laszlo Pal, stellvertretender CEO von MAV General, am Mittwoch bekannt. Pal sagte, dass MAV eine gro\u00dfe Menge ungenutzter Immobilien besitze, und wies darauf hin, dass das Unternehmen im vergangenen Jahr 2.100 Immobilien an den [&hellip;]<\/p>\n","protected":false},"author":2,"featured_media":771684,"comment_status":"open","ping_status":"open","sticky":false,"template":"","format":"standard","meta":{"_acf_changed":false,"_display_image":"","footnotes":""},"categories":[1281],"tags":[1297],"class_list":["post-771683","post","type-post","status-publish","format-standard","has-post-thumbnail","hentry","category-geschaft","tag-transport"],"blocksy_meta":[],"acf":[],"author_username":"alk","telegram_post":"","public_post_metadata":{"breaking_news":"","important":"","csempe":"","center_tile":"","disable_thumbnail":"","target_lang":"","_featured_image_style":"","telegram_post":"","_xlat_group_id":""},"public_rank_math_data":{"title":"%title% %sep% %sitename%","description":"","focus_keyword":"","canonical_url":"","robots":"","primary_category":"1281","breadcrumb_title":"","facebook_title":"","facebook_description":"","facebook_image":"","facebook_image_id":"","twitter_title":"","twitter_description":"","twitter_image":"","twitter_image_id":"","twitter_card_type":"","twitter_use_facebook":"","advanced_robots":"","pillar_content":"","seo_score":"","contentai_score":"","rich_snippet":""},"_links":{"self":[{"href":"https:\/\/dailynewshungary.com\/de\/wp-json\/wp\/v2\/posts\/771683","targetHints":{"allow":["GET"]}}],"collection":[{"href":"https:\/\/dailynewshungary.com\/de\/wp-json\/wp\/v2\/posts"}],"about":[{"href":"https:\/\/dailynewshungary.com\/de\/wp-json\/wp\/v2\/types\/post"}],"author":[{"embeddable":true,"href":"https:\/\/dailynewshungary.com\/de\/wp-json\/wp\/v2\/users\/2"}],"replies":[{"embeddable":true,"href":"https:\/\/dailynewshungary.com\/de\/wp-json\/wp\/v2\/comments?post=771683"}],"version-history":[{"count":0,"href":"https:\/\/dailynewshungary.com\/de\/wp-json\/wp\/v2\/posts\/771683\/revisions"}],"wp:featuredmedia":[{"embeddable":true,"href":"https:\/\/dailynewshungary.com\/de\/wp-json\/wp\/v2\/media\/771684"}],"wp:attachment":[{"href":"https:\/\/dailynewshungary.com\/de\/wp-json\/wp\/v2\/media?parent=771683"}],"wp:term":[{"taxonomy":"category","embeddable":true,"href":"https:\/\/dailynewshungary.com\/de\/wp-json\/wp\/v2\/categories?post=771683"},{"taxonomy":"post_tag","embeddable":true,"href":"https:\/\/dailynewshungary.com\/de\/wp-json\/wp\/v2\/tags?post=771683"}],"curies":[{"name":"wp","href":"https:\/\/api.w.org\/{rel}","templated":true}]}}