{"id":771687,"date":"2014-09-03T16:10:24","date_gmt":"2014-09-03T14:10:24","guid":{"rendered":"https:\/\/dailynewshungary.com\/de\/freedom-express-erinnert-an-den-fall-des-kommunismus-in-europa-und-kommt-in-budapest-an\/"},"modified":"2014-09-03T16:10:24","modified_gmt":"2014-09-03T14:10:24","slug":"freedom-express-erinnert-an-den-fall-des-kommunismus-in-europa-und-kommt-in-budapest-an","status":"publish","type":"post","link":"https:\/\/dailynewshungary.com\/de\/freedom-express-erinnert-an-den-fall-des-kommunismus-in-europa-und-kommt-in-budapest-an\/","title":{"rendered":"Freedom Express erinnert an den Fall des Kommunismus in Europa und kommt in Budapest an"},"content":{"rendered":"<p><strong>(MTI) \u2013 Eine internationale Sozial- und Bildungsreise namens Freedom Express zum Gedenken an den 25. Jahrestag des Sturzes des Kommunismus in Europa soll am Mittwoch in Budapest eintreffen.<\/strong><\/p>\n<p>Das vom Warschauer European Network Remembrance and Solidarity (ENRS) initiierte Projekt reist durch Polen, Ungarn, Rum\u00e4nien, die Slowakei, Tschechien und Deutschland, nach Zwischenstopps in Danzig und Warschau bleibt es zwei Tage in Budapest.<\/p>\n<p>Nachdem der Express in Budapest angekommen war, pr\u00e4sentierten die Organisatoren den Reiseplan f\u00fcr den Aufenthalt, der mit einem Besuch des Memento-Parks beginnt, in dem Statuen aus der kommunistischen \u00c4ra ausgestellt sind.<\/p>\n<p>ENRS-Direktor Rafal Rogulski sagte, Freedom Express transportiere 20 junge Menschen aus 10 europ\u00e4ischen L\u00e4ndern und Costa Rica, die alle nach dem Zusammenbruch des Kommunismus in Europa geboren wurden. Ungarn wird von Anna Rubi vertreten, derzeit Filmstudentin in der Schweiz.<\/p>\n<p>Das Projekt wurde in Zusammenarbeit mit Kulturministerien und Institutionen realisiert, die sich auf die Geschichte des 20. Jahrhunderts in den L\u00e4ndern spezialisiert haben, durch die der Express reist. Die ungarischen Partner sind das Ministerium f\u00fcr Humanressourcen, das Forschungsinstitut und die Archive zur Geschichte des Regimewechsels Retorki und das Polnische Institut in Budapest.<\/p>\n<p>Am Mittwochnachmittag treffen sich die Teilnehmer im Parlament mit einigen Schl\u00fcsselpers\u00f6nlichkeiten aus der Zeit des Regimewechsels, darunter Parlamentspr\u00e4sident Laszlo Kover und dem ehemaligen Pr\u00e4sidenten Matyas Szuros. Auf dem Programm stehen au\u00dferdem ein Besuch im Museum des Hauses des Terrors und eine Bootsfahrt auf der Donau mit vom Polnischen Institut organisierten Vortr\u00e4gen \u00fcber den Fall des Kommunismus.<\/p>\n<p>Um den Blog der Reise zu lesen besuchen www.1989.enrs.eu\/blog.<\/p>\n<p><em>Foto: MTI \u2013 Janos Marjai<\/em><\/p>\n","protected":false},"excerpt":{"rendered":"<p>(MTI) \u2013 Eine internationale Sozial- und Bildungsreise namens Freedom Express zum Gedenken an den 25. Jahrestag des Sturzes des Kommunismus in Europa soll am Mittwoch in Budapest eintreffen. Das vom Warschauer European Network Remembrance and Solidarity (ENRS) initiierte Projekt reist durch Polen, Ungarn, Rum\u00e4nien, die Slowakei, Tschechien und Deutschland, nach Zwischenstopps in Danzig und Warschau [&hellip;]<\/p>\n","protected":false},"author":2,"featured_media":771688,"comment_status":"open","ping_status":"open","sticky":false,"template":"","format":"standard","meta":{"_acf_changed":false,"_display_image":"","footnotes":""},"categories":[1098],"tags":[1125],"class_list":["post-771687","post","type-post","status-publish","format-standard","has-post-thumbnail","hentry","category-gesellschaft","tag-geschichte"],"blocksy_meta":[],"acf":[],"author_username":"alk","telegram_post":"","public_post_metadata":{"breaking_news":"","important":"","csempe":"","center_tile":"","disable_thumbnail":"","target_lang":"","_featured_image_style":"","telegram_post":"","_xlat_group_id":""},"public_rank_math_data":{"title":"%title% %sep% %sitename%","description":"","focus_keyword":"","canonical_url":"","robots":"","primary_category":"1098","breadcrumb_title":"","facebook_title":"","facebook_description":"","facebook_image":"","facebook_image_id":"","twitter_title":"","twitter_description":"","twitter_image":"","twitter_image_id":"","twitter_card_type":"","twitter_use_facebook":"","advanced_robots":"","pillar_content":"","seo_score":"","contentai_score":"","rich_snippet":""},"_links":{"self":[{"href":"https:\/\/dailynewshungary.com\/de\/wp-json\/wp\/v2\/posts\/771687","targetHints":{"allow":["GET"]}}],"collection":[{"href":"https:\/\/dailynewshungary.com\/de\/wp-json\/wp\/v2\/posts"}],"about":[{"href":"https:\/\/dailynewshungary.com\/de\/wp-json\/wp\/v2\/types\/post"}],"author":[{"embeddable":true,"href":"https:\/\/dailynewshungary.com\/de\/wp-json\/wp\/v2\/users\/2"}],"replies":[{"embeddable":true,"href":"https:\/\/dailynewshungary.com\/de\/wp-json\/wp\/v2\/comments?post=771687"}],"version-history":[{"count":0,"href":"https:\/\/dailynewshungary.com\/de\/wp-json\/wp\/v2\/posts\/771687\/revisions"}],"wp:featuredmedia":[{"embeddable":true,"href":"https:\/\/dailynewshungary.com\/de\/wp-json\/wp\/v2\/media\/771688"}],"wp:attachment":[{"href":"https:\/\/dailynewshungary.com\/de\/wp-json\/wp\/v2\/media?parent=771687"}],"wp:term":[{"taxonomy":"category","embeddable":true,"href":"https:\/\/dailynewshungary.com\/de\/wp-json\/wp\/v2\/categories?post=771687"},{"taxonomy":"post_tag","embeddable":true,"href":"https:\/\/dailynewshungary.com\/de\/wp-json\/wp\/v2\/tags?post=771687"}],"curies":[{"name":"wp","href":"https:\/\/api.w.org\/{rel}","templated":true}]}}