{"id":771701,"date":"2014-09-02T18:06:39","date_gmt":"2014-09-02T16:06:39","guid":{"rendered":"https:\/\/dailynewshungary.com\/de\/ungarn-bietet-an-truppen-ins-baltikum-zu-schicken\/"},"modified":"2014-09-02T18:06:39","modified_gmt":"2014-09-02T16:06:39","slug":"ungarn-bietet-an-truppen-ins-baltikum-zu-schicken","status":"publish","type":"post","link":"https:\/\/dailynewshungary.com\/de\/ungarn-bietet-an-truppen-ins-baltikum-zu-schicken\/","title":{"rendered":"Ungarn bietet an, Truppen ins Baltikum zu schicken"},"content":{"rendered":"<p><strong>Budapest, 2. September (MTI) 2. \u2013 Ungarn wird auf dem bevorstehenden NATO-Gipfel in Wales im Zusammenhang mit dem Konflikt in der Ukraine milit\u00e4rische Hilfsangebote unterbreiten, einschlie\u00dflich der Entsendung von Truppen in die baltischen Staaten, sagte die Tageszeitung Magyar Nemzet heute.<\/strong><\/p>\n<p>Hugnary werde au\u00dferdem vorschlagen, den Luftwaffenst\u00fctzpunkt Papa zu modernisieren und seine eigenen Milit\u00e4rausgaben zu erh\u00f6hen, hei\u00dft es in der Zeitung unter Berufung auf ungenannte Quellen.<\/p>\n<p>Auf seiner Twitter-Seite schrieb Au\u00dfenminister Tibor Navracsics heute: \u201eUngarische Truppen in die baltischen Staaten und Erh\u00f6hung des Verteidigungsbudgets\u201cund stellte einen Link zum Artikel \u201eMagyar Nemzet\u201d bereit.<\/p>\n<p>In der Zeitung hie\u00df es, Ungarn werde im Rahmen einer NATO-Milit\u00e4r\u00fcbung einhundert Soldaten ins Baltikum schicken, um die Verteidigung der Region zu st\u00e4rken und m\u00f6glichen russischen Aktionen entgegenzuwirken.<\/p>\n<p>Dar\u00fcber hinaus habe die Regierung vorgeschlagen, den NATO-Luftwaffenst\u00fctzpunkt Papa als Teil eines Aktionsplans zu entwickeln, der im Juni von den Au\u00dfenministern des B\u00fcndnisses genehmigt worden sei, f\u00fcgte sie hinzu.<\/p>\n","protected":false},"excerpt":{"rendered":"<p>Budapest, 2. September (MTI) 2. \u2013 Ungarn wird auf dem bevorstehenden NATO-Gipfel in Wales im Zusammenhang mit dem Konflikt in der Ukraine milit\u00e4rische Hilfsangebote unterbreiten, einschlie\u00dflich der Entsendung von Truppen in die baltischen Staaten, sagte die Tageszeitung Magyar Nemzet heute. Hugnary werde au\u00dferdem vorschlagen, den Luftwaffenst\u00fctzpunkt Papa zu modernisieren und seine eigenen Milit\u00e4rausgaben zu erh\u00f6hen, [&hellip;]<\/p>\n","protected":false},"author":2,"featured_media":771702,"comment_status":"open","ping_status":"open","sticky":false,"template":"","format":"standard","meta":{"_acf_changed":false,"_display_image":"","footnotes":""},"categories":[1081],"tags":[1203],"class_list":["post-771701","post","type-post","status-publish","format-standard","has-post-thumbnail","hentry","category-politik","tag-armee"],"blocksy_meta":[],"acf":[],"author_username":"alk","telegram_post":"","public_post_metadata":{"breaking_news":"","important":"","csempe":"","center_tile":"","disable_thumbnail":"","target_lang":"","_featured_image_style":"","telegram_post":"","_xlat_group_id":""},"public_rank_math_data":{"title":"%title% %sep% %sitename%","description":"","focus_keyword":"","canonical_url":"","robots":"","primary_category":"1081","breadcrumb_title":"","facebook_title":"","facebook_description":"","facebook_image":"","facebook_image_id":"","twitter_title":"","twitter_description":"","twitter_image":"","twitter_image_id":"","twitter_card_type":"","twitter_use_facebook":"","advanced_robots":"","pillar_content":"","seo_score":"","contentai_score":"","rich_snippet":""},"_links":{"self":[{"href":"https:\/\/dailynewshungary.com\/de\/wp-json\/wp\/v2\/posts\/771701","targetHints":{"allow":["GET"]}}],"collection":[{"href":"https:\/\/dailynewshungary.com\/de\/wp-json\/wp\/v2\/posts"}],"about":[{"href":"https:\/\/dailynewshungary.com\/de\/wp-json\/wp\/v2\/types\/post"}],"author":[{"embeddable":true,"href":"https:\/\/dailynewshungary.com\/de\/wp-json\/wp\/v2\/users\/2"}],"replies":[{"embeddable":true,"href":"https:\/\/dailynewshungary.com\/de\/wp-json\/wp\/v2\/comments?post=771701"}],"version-history":[{"count":0,"href":"https:\/\/dailynewshungary.com\/de\/wp-json\/wp\/v2\/posts\/771701\/revisions"}],"wp:featuredmedia":[{"embeddable":true,"href":"https:\/\/dailynewshungary.com\/de\/wp-json\/wp\/v2\/media\/771702"}],"wp:attachment":[{"href":"https:\/\/dailynewshungary.com\/de\/wp-json\/wp\/v2\/media?parent=771701"}],"wp:term":[{"taxonomy":"category","embeddable":true,"href":"https:\/\/dailynewshungary.com\/de\/wp-json\/wp\/v2\/categories?post=771701"},{"taxonomy":"post_tag","embeddable":true,"href":"https:\/\/dailynewshungary.com\/de\/wp-json\/wp\/v2\/tags?post=771701"}],"curies":[{"name":"wp","href":"https:\/\/api.w.org\/{rel}","templated":true}]}}