{"id":771737,"date":"2014-08-30T18:26:44","date_gmt":"2014-08-30T16:26:44","guid":{"rendered":"https:\/\/dailynewshungary.com\/de\/orban-erfolg-der-eu-sanktionspolitik-gegen-russland-selbsttauschung\/"},"modified":"2014-08-30T18:26:44","modified_gmt":"2014-08-30T16:26:44","slug":"orban-erfolg-der-eu-sanktionspolitik-gegen-russland-selbsttauschung","status":"publish","type":"post","link":"https:\/\/dailynewshungary.com\/de\/orban-erfolg-der-eu-sanktionspolitik-gegen-russland-selbsttauschung\/","title":{"rendered":"Orban: Erfolg der EU-Sanktionspolitik gegen Russland \u201cSelbstt\u00e4uschung\u201d"},"content":{"rendered":"<p><strong>Budapest, 30. August (MTI) \u201eAuch die Politik der Europ\u00e4ischen Union der Sanktionen gegen Russland als erfolgreich zu bezeichnen, ist \u201eSelbstt\u00e4uschung\u201csagte Premierminister Viktor Orban vor einem au\u00dferordentlichen Gipfel am Samstag in Br\u00fcssel.<\/strong><\/p>\n<p>Orban sagte, der Konflikt k\u00f6nne durch Verhandlungen gel\u00f6st werden Der Gipfel werde sich mit der \u00dcberpr\u00fcfung und Korrektur der aktuellen Politik befassen, sagte er bei seiner Ankunft auf dem Gipfel.<\/p>\n<p>Orban sagte, es gebe einige Debatten dar\u00fcber, ob die Sanktionen die erhofften Ergebnisse gebracht h\u00e4tten, und betonte, dass \u201cwir wissen sollten, was genau die erhofften Ergebnisse waren\u201d.<\/p>\n<p>\u201eIch bin der Meinung, dass die Sanktionspolitik bisher keinen Erfolg hatte, und es ist eine Selbstt\u00e4uschung zu behaupten, dass sie es gewesen sei und dass es ausreicht, [die Sanktionen] fortzusetzen, und dass dies die Krise l\u00f6sen wird\u201csagte Orban.<\/p>\n<p>Er sagte, dass milit\u00e4rische Konflikte nicht mit Sanktionen, sondern nur mit milit\u00e4rischer Gewalt oder Verhandlungen gel\u00f6st werden k\u00f6nnten. Da jeder den Einsatz milit\u00e4rischer Gewalt angemessen ausgeschlossen habe, k\u00f6nne nur der Einsatz von Verhandlungen zu einer L\u00f6sung f\u00fchren, f\u00fcgte er hinzu.<\/p>\n<p>Orban sagte, Frieden und Ruhe seien das Wichtigste f\u00fcr Ungarn und es sollte auch in der Ukraine Frieden und Vorhersehbarkeit geben, anstatt wachsende Gefahren und Bedrohungen zu bew\u00e4ltigen.<\/p>\n<p><em>Foto: MTI\/Premierministerb\u00fcro<\/em><\/p>\n","protected":false},"excerpt":{"rendered":"<p>Budapest, 30. August (MTI) \u201eAuch die Politik der Europ\u00e4ischen Union der Sanktionen gegen Russland als erfolgreich zu bezeichnen, ist \u201eSelbstt\u00e4uschung\u201csagte Premierminister Viktor Orban vor einem au\u00dferordentlichen Gipfel am Samstag in Br\u00fcssel. Orban sagte, der Konflikt k\u00f6nne durch Verhandlungen gel\u00f6st werden Der Gipfel werde sich mit der \u00dcberpr\u00fcfung und Korrektur der aktuellen Politik befassen, sagte er [&hellip;]<\/p>\n","protected":false},"author":2,"featured_media":771738,"comment_status":"open","ping_status":"open","sticky":false,"template":"","format":"standard","meta":{"_acf_changed":false,"_display_image":"","footnotes":""},"categories":[1081],"tags":[1082,1128],"class_list":["post-771737","post","type-post","status-publish","format-standard","has-post-thumbnail","hentry","category-politik","tag-europaische-union","tag-viktor-orban"],"blocksy_meta":[],"acf":[],"author_username":"alk","telegram_post":"","public_post_metadata":{"breaking_news":"","important":"","csempe":"","center_tile":"","disable_thumbnail":"","target_lang":"","_featured_image_style":"","telegram_post":"","_xlat_group_id":""},"public_rank_math_data":{"title":"%title% %sep% %sitename%","description":"","focus_keyword":"","canonical_url":"","robots":"","primary_category":"1081","breadcrumb_title":"","facebook_title":"","facebook_description":"","facebook_image":"","facebook_image_id":"","twitter_title":"","twitter_description":"","twitter_image":"","twitter_image_id":"","twitter_card_type":"","twitter_use_facebook":"","advanced_robots":"","pillar_content":"","seo_score":"","contentai_score":"","rich_snippet":""},"_links":{"self":[{"href":"https:\/\/dailynewshungary.com\/de\/wp-json\/wp\/v2\/posts\/771737","targetHints":{"allow":["GET"]}}],"collection":[{"href":"https:\/\/dailynewshungary.com\/de\/wp-json\/wp\/v2\/posts"}],"about":[{"href":"https:\/\/dailynewshungary.com\/de\/wp-json\/wp\/v2\/types\/post"}],"author":[{"embeddable":true,"href":"https:\/\/dailynewshungary.com\/de\/wp-json\/wp\/v2\/users\/2"}],"replies":[{"embeddable":true,"href":"https:\/\/dailynewshungary.com\/de\/wp-json\/wp\/v2\/comments?post=771737"}],"version-history":[{"count":0,"href":"https:\/\/dailynewshungary.com\/de\/wp-json\/wp\/v2\/posts\/771737\/revisions"}],"wp:featuredmedia":[{"embeddable":true,"href":"https:\/\/dailynewshungary.com\/de\/wp-json\/wp\/v2\/media\/771738"}],"wp:attachment":[{"href":"https:\/\/dailynewshungary.com\/de\/wp-json\/wp\/v2\/media?parent=771737"}],"wp:term":[{"taxonomy":"category","embeddable":true,"href":"https:\/\/dailynewshungary.com\/de\/wp-json\/wp\/v2\/categories?post=771737"},{"taxonomy":"post_tag","embeddable":true,"href":"https:\/\/dailynewshungary.com\/de\/wp-json\/wp\/v2\/tags?post=771737"}],"curies":[{"name":"wp","href":"https:\/\/api.w.org\/{rel}","templated":true}]}}