{"id":771741,"date":"2014-08-30T14:01:09","date_gmt":"2014-08-30T12:01:09","guid":{"rendered":"https:\/\/dailynewshungary.com\/de\/die-ungarische-jugend-olympiamannschaft-hat-in-der-medaillenzahlung-insgesamt-acht-platze-belegt\/"},"modified":"2014-08-30T14:01:09","modified_gmt":"2014-08-30T12:01:09","slug":"die-ungarische-jugend-olympiamannschaft-hat-in-der-medaillenzahlung-insgesamt-acht-platze-belegt","status":"publish","type":"post","link":"https:\/\/dailynewshungary.com\/de\/die-ungarische-jugend-olympiamannschaft-hat-in-der-medaillenzahlung-insgesamt-acht-platze-belegt\/","title":{"rendered":"Die ungarische Jugend-Olympiamannschaft hat in der Medaillenz\u00e4hlung insgesamt acht Pl\u00e4tze belegt"},"content":{"rendered":"<p><strong><span style=\"line-height: 1.5em;\">Die Schwimmerin Lili\u00e1na Szil\u00e1gyi, die die doppelte Goldmedaille gewinnt, wird bei der Abschlusszeremonie die Nationalflagge tragen.<\/span><\/strong><\/p>\n<p>Vor vier Jahren gewann die ungarische Mannschaft bei den ersten Olympischen Jugendspielen in Singapur 6 Gold, 4 Silber &#8211; und 5 Bronzemedaillen, bei den heute beendeten Spielen in Nanjing gelang es der ungarischen Mannschaft, die Medaillenzahl von Singapur zu \u00fcbertreffen, indem sie 6 Gold, 6 Silber &#8211; und 11 Bronzemedaillen als Achte des Medaillenspiegels gewann.<\/p>\n<p><a href=\"https:\/\/dailynewshungary.com\/wp-content\/uploads\/2014\/08\/Download-13.jpg\" data-pswp-width=\"\" data-pswp-height=\"\" data-cropped=\"true\"><img loading=\"lazy\" decoding=\"async\" class=\"size-full wp-image-10198 aligncenter\" alt=\"Herunterladen (1)\" src=\"https:\/\/dailynewshungary.com\/wp-content\/uploads\/2014\/08\/Download-13.jpg\" width=\"600\" height=\"422\" srcset=\"https:\/\/contentf5.dailynewshungary.com\/wp-content\/uploads\/2014\/08\/Download-13.jpg 600w, https:\/\/contentf5.dailynewshungary.com\/wp-content\/uploads\/2014\/08\/Download-13-300x211.jpg 300w\" sizes=\"auto, (max-width: 600px) 100vw, 600px\"><\/a><\/p>\n<p>Der Tradition folgend hat das Ungarische Olympische Komitee entschieden, dass bei der Abschlusszeremonie der Olympischen Jugendspiele in Nanjing der erfolgreichste ungarische Athlet der Sommerspiele die Nationalflagge tr\u00e4gt, n\u00e4mlich die Schwimmerin Lili\u00e1na Szil\u00e1gyi, die zwei Goldmedaillen 100 m und 200 m Schmetterling gewann.<\/p>\n<p><a href=\"https:\/\/dailynewshungary.com\/wp-content\/uploads\/2014\/08\/liliana-szilagyi-hungary-2.jpg\" data-pswp-width=\"\" data-pswp-height=\"\" data-cropped=\"true\"><img loading=\"lazy\" decoding=\"async\" class=\"size-full wp-image-10197 aligncenter\" alt=\"Liliana-szilagyi-ungary-2\" src=\"https:\/\/dailynewshungary.com\/wp-content\/uploads\/2014\/08\/liliana-szilagyi-hungary-2.jpg\" width=\"600\" height=\"432\" srcset=\"https:\/\/contentf5.dailynewshungary.com\/wp-content\/uploads\/2014\/08\/liliana-szilagyi-hungary-2.jpg 600w, https:\/\/contentf5.dailynewshungary.com\/wp-content\/uploads\/2014\/08\/liliana-szilagyi-hungary-2-300x216.jpg 300w\" sizes=\"auto, (max-width: 600px) 100vw, 600px\"><\/a><\/p>\n<p>\u201cDie Nationalflagge bei Olympia zu tragen, finde ich eine Riesensache, und ich f\u00fchle mich sehr geehrt, dass ich f\u00fcr den Job ausgew\u00e4hlt wurdeOh meine G\u00fcte \u2013 ich werde die Nationalflagge tragen\u201d, sagte der \u00fcberschw\u00e4ngliche 17-j\u00e4hrige Lili\u00e1na zu mob.hu.<\/p>\n<p><a href=\"https:\/\/dailynewshungary.com\/wp-content\/uploads\/2014\/08\/Download-22.jpg\" data-pswp-width=\"\" data-pswp-height=\"\" data-cropped=\"true\"><img loading=\"lazy\" decoding=\"async\" class=\"size-full wp-image-10199 aligncenter\" alt=\"Herunterladen (2)\" src=\"https:\/\/dailynewshungary.com\/wp-content\/uploads\/2014\/08\/Download-22.jpg\" width=\"600\" height=\"428\" srcset=\"https:\/\/contentf5.dailynewshungary.com\/wp-content\/uploads\/2014\/08\/Download-22.jpg 600w, https:\/\/contentf5.dailynewshungary.com\/wp-content\/uploads\/2014\/08\/Download-22-300x214.jpg 300w\" sizes=\"auto, (max-width: 600px) 100vw, 600px\"><\/a><\/p>\n<p><em>basierend auf Artikel von mno.hu<\/em><br \/>\n<em>\u00fcbersetzt von ungarianambiance.com<\/em><\/p>\n<p><em>Foto: MOB\/MTI \u2013 Peter Szalmas<\/em><\/p>\n","protected":false},"excerpt":{"rendered":"<p>Die Schwimmerin Lili\u00e1na Szil\u00e1gyi, die die doppelte Goldmedaille gewinnt, wird bei der Abschlusszeremonie die Nationalflagge tragen. Vor vier Jahren gewann die ungarische Mannschaft bei den ersten Olympischen Jugendspielen in Singapur 6 Gold, 4 Silber &#8211; und 5 Bronzemedaillen, bei den heute beendeten Spielen in Nanjing gelang es der ungarischen Mannschaft, die Medaillenzahl von Singapur zu [&hellip;]<\/p>\n","protected":false},"author":2,"featured_media":771742,"comment_status":"open","ping_status":"open","sticky":false,"template":"","format":"standard","meta":{"_acf_changed":false,"_display_image":"","footnotes":""},"categories":[1219],"tags":[1066],"class_list":["post-771741","post","type-post","status-publish","format-standard","has-post-thumbnail","hentry","category-sport","tag-hungary"],"blocksy_meta":[],"acf":[],"author_username":"alk","telegram_post":"","public_post_metadata":{"breaking_news":"","important":"","csempe":"","center_tile":"","disable_thumbnail":"","target_lang":"","_featured_image_style":"","telegram_post":"","_xlat_group_id":""},"public_rank_math_data":{"title":"%title% %sep% %sitename%","description":"","focus_keyword":"","canonical_url":"","robots":"","primary_category":"1219","breadcrumb_title":"","facebook_title":"","facebook_description":"","facebook_image":"","facebook_image_id":"","twitter_title":"","twitter_description":"","twitter_image":"","twitter_image_id":"","twitter_card_type":"","twitter_use_facebook":"","advanced_robots":"","pillar_content":"","seo_score":"","contentai_score":"","rich_snippet":""},"_links":{"self":[{"href":"https:\/\/dailynewshungary.com\/de\/wp-json\/wp\/v2\/posts\/771741","targetHints":{"allow":["GET"]}}],"collection":[{"href":"https:\/\/dailynewshungary.com\/de\/wp-json\/wp\/v2\/posts"}],"about":[{"href":"https:\/\/dailynewshungary.com\/de\/wp-json\/wp\/v2\/types\/post"}],"author":[{"embeddable":true,"href":"https:\/\/dailynewshungary.com\/de\/wp-json\/wp\/v2\/users\/2"}],"replies":[{"embeddable":true,"href":"https:\/\/dailynewshungary.com\/de\/wp-json\/wp\/v2\/comments?post=771741"}],"version-history":[{"count":0,"href":"https:\/\/dailynewshungary.com\/de\/wp-json\/wp\/v2\/posts\/771741\/revisions"}],"wp:featuredmedia":[{"embeddable":true,"href":"https:\/\/dailynewshungary.com\/de\/wp-json\/wp\/v2\/media\/771742"}],"wp:attachment":[{"href":"https:\/\/dailynewshungary.com\/de\/wp-json\/wp\/v2\/media?parent=771741"}],"wp:term":[{"taxonomy":"category","embeddable":true,"href":"https:\/\/dailynewshungary.com\/de\/wp-json\/wp\/v2\/categories?post=771741"},{"taxonomy":"post_tag","embeddable":true,"href":"https:\/\/dailynewshungary.com\/de\/wp-json\/wp\/v2\/tags?post=771741"}],"curies":[{"name":"wp","href":"https:\/\/api.w.org\/{rel}","templated":true}]}}