{"id":771743,"date":"2014-08-30T12:14:18","date_gmt":"2014-08-30T10:14:18","guid":{"rendered":"https:\/\/dailynewshungary.com\/de\/lazar-skizziert-neue-etappen-bei-der-uberarbeitung-der-offentlichen-verwaltung\/"},"modified":"2014-08-30T12:14:18","modified_gmt":"2014-08-30T10:14:18","slug":"lazar-skizziert-neue-etappen-bei-der-uberarbeitung-der-offentlichen-verwaltung","status":"publish","type":"post","link":"https:\/\/dailynewshungary.com\/de\/lazar-skizziert-neue-etappen-bei-der-uberarbeitung-der-offentlichen-verwaltung\/","title":{"rendered":"Lazar skizziert neue Etappen bei der \u00dcberarbeitung der \u00f6ffentlichen Verwaltung"},"content":{"rendered":"<p><strong>Budapest, 29. August (MTI) \u2013 Kabinettschef Janos Lazar hat in einem Radiointerview die geplante n\u00e4chste Stufe der Reform der \u00f6ffentlichen Verwaltung Ungarns dargelegt.<\/strong><\/p>\n<p>In einem Gespr\u00e4ch mit dem Lokalsender Gong Radio in Kecskemet am Freitag sagte Lazar, dass gro\u00dfe Ver\u00e4nderungen im Gange seien, um den gesamten Ansatz f\u00fcr die staatliche Erbringung \u00f6ffentlicher Dienstleistungen ab dem n\u00e4chsten Jahr zu \u00e4ndern.<\/p>\n<p>In Ungarn d\u00fcrfe sich nicht die Staatsherrschaft durchsetzen sondern alle Steuerzahler m\u00fcssten sp\u00fcren, dass der ungarische Staat alles in ihrem Interesse tut, und dass die \u00f6ffentliche Verwaltung ihnen dient und nicht umgekehrt Aber so wie die Dinge stehen, \u201cist man davon noch weg\u201d<\/p>\n<p>Lazar sagte, Staatsbedienstete m\u00fcssten die Grundregel lernen, dass \u201eder Klient an erster Stelle steht und immer Recht hat\u201cBei der Staatsreform 2, wie sie genannt wird, werde es darum gehen, grundlegende Mentalit\u00e4ten zu \u00e4ndern und einen kulturellen Wandel hin zu dienenden B\u00fcrgern herbeizuf\u00fchren, f\u00fcgte er hinzu.<\/p>\n<p>Die regionale \u00f6ffentliche Verwaltung und die Regierungsstellen w\u00fcrden gest\u00e4rkt und auf eine professionellere Grundlage gestellt, sagte er und f\u00fcgte hinzu, dass L\u00e4nder, die erfolgreicher seien als Ungarn, dies zum Teil auch deshalb tun, weil der Staat besser organisiert und effizienter sei und die B\u00fcrger auf modernere, schneller und anspruchsvoller Weise. Lazar versprach, B\u00fcrokratie, \u00dcberregulierung und \u201edumme Regeln\u201cabzubauen und Dienstleistungen wie die Beantragung von Reisep\u00e4ssen zu verbilligen.<\/p>\n<p>Zu den weiteren Initiativen, die er in seinem Interview erw\u00e4hnte, geh\u00f6rte die Zusage, bis 2018 in Zusammenarbeit mit Magyar Telekom, einer Einheit der deutschen T-Com, vier Millionen Haushalte an Breitband anzuschlie\u00dfen, um staatliche Dienstleistungen \u00fcber das Internet in die Wohnzimmer der Menschen zu integrieren.<\/p>\n<p><em>Foto: www.szekesfehervar.hu<\/em><\/p>\n","protected":false},"excerpt":{"rendered":"<p>Budapest, 29. August (MTI) \u2013 Kabinettschef Janos Lazar hat in einem Radiointerview die geplante n\u00e4chste Stufe der Reform der \u00f6ffentlichen Verwaltung Ungarns dargelegt. In einem Gespr\u00e4ch mit dem Lokalsender Gong Radio in Kecskemet am Freitag sagte Lazar, dass gro\u00dfe Ver\u00e4nderungen im Gange seien, um den gesamten Ansatz f\u00fcr die staatliche Erbringung \u00f6ffentlicher Dienstleistungen ab dem [&hellip;]<\/p>\n","protected":false},"author":2,"featured_media":771744,"comment_status":"open","ping_status":"open","sticky":false,"template":"","format":"standard","meta":{"_acf_changed":false,"_display_image":"","footnotes":""},"categories":[1081],"tags":[1066],"class_list":["post-771743","post","type-post","status-publish","format-standard","has-post-thumbnail","hentry","category-politik","tag-hungary"],"blocksy_meta":[],"acf":[],"author_username":"alk","telegram_post":"","public_post_metadata":{"breaking_news":"","important":"","csempe":"","center_tile":"","disable_thumbnail":"","target_lang":"","_featured_image_style":"","telegram_post":"","_xlat_group_id":""},"public_rank_math_data":{"title":"%title% %sep% %sitename%","description":"","focus_keyword":"","canonical_url":"","robots":"","primary_category":"1081","breadcrumb_title":"","facebook_title":"","facebook_description":"","facebook_image":"","facebook_image_id":"","twitter_title":"","twitter_description":"","twitter_image":"","twitter_image_id":"","twitter_card_type":"","twitter_use_facebook":"","advanced_robots":"","pillar_content":"","seo_score":"","contentai_score":"","rich_snippet":""},"_links":{"self":[{"href":"https:\/\/dailynewshungary.com\/de\/wp-json\/wp\/v2\/posts\/771743","targetHints":{"allow":["GET"]}}],"collection":[{"href":"https:\/\/dailynewshungary.com\/de\/wp-json\/wp\/v2\/posts"}],"about":[{"href":"https:\/\/dailynewshungary.com\/de\/wp-json\/wp\/v2\/types\/post"}],"author":[{"embeddable":true,"href":"https:\/\/dailynewshungary.com\/de\/wp-json\/wp\/v2\/users\/2"}],"replies":[{"embeddable":true,"href":"https:\/\/dailynewshungary.com\/de\/wp-json\/wp\/v2\/comments?post=771743"}],"version-history":[{"count":0,"href":"https:\/\/dailynewshungary.com\/de\/wp-json\/wp\/v2\/posts\/771743\/revisions"}],"wp:featuredmedia":[{"embeddable":true,"href":"https:\/\/dailynewshungary.com\/de\/wp-json\/wp\/v2\/media\/771744"}],"wp:attachment":[{"href":"https:\/\/dailynewshungary.com\/de\/wp-json\/wp\/v2\/media?parent=771743"}],"wp:term":[{"taxonomy":"category","embeddable":true,"href":"https:\/\/dailynewshungary.com\/de\/wp-json\/wp\/v2\/categories?post=771743"},{"taxonomy":"post_tag","embeddable":true,"href":"https:\/\/dailynewshungary.com\/de\/wp-json\/wp\/v2\/tags?post=771743"}],"curies":[{"name":"wp","href":"https:\/\/api.w.org\/{rel}","templated":true}]}}