{"id":771753,"date":"2014-08-29T14:09:19","date_gmt":"2014-08-29T12:09:19","guid":{"rendered":"https:\/\/dailynewshungary.com\/de\/schauen-sie-sich-die-neue-coole-grasige-strasenbahnstrase-an\/"},"modified":"2014-08-29T14:09:19","modified_gmt":"2014-08-29T12:09:19","slug":"schauen-sie-sich-die-neue-coole-grasige-strasenbahnstrase-an","status":"publish","type":"post","link":"https:\/\/dailynewshungary.com\/de\/schauen-sie-sich-die-neue-coole-grasige-strasenbahnstrase-an\/","title":{"rendered":"Schauen Sie sich die neue coole grasige Stra\u00dfenbahnstra\u00dfe an"},"content":{"rendered":"<p><strong>Sie k\u00f6nnen den neu renovierten Abschnitt der Stra\u00dfenbahnstra\u00dfe sehen, sagt varosban.blog.hu.<\/strong><\/p>\n<p>Man sieht, dass auf der erneuerbaren Strecke zwischen Nagy Lajos Kir\u00e1ly utca\/Czobor utca und Ecseri \u00fat der letzte Schliff gegeben wird. Der grasbedeckte Abschnitt liegt auf dem K.r\u00f6si Csoma S\u00e1ndor \u00fat, im Ausland war er bisher nur zu sehen, unter anderem in Hannover, wo die Stra\u00dfenbahnen von Budapest nach Budapest kamen, als der \u00e4u\u00dferste Stra\u00dfenbahn-Rundkursring von Budapest gegr\u00fcndet wurde Laut Blog ist diese grasbewachsene Stra\u00dfe vor allem aus Dresden bekannt.<\/p>\n<p style=\"text-align: center;\"><a href=\"https:\/\/dailynewshungary.com\/wp-content\/uploads\/2014\/08\/616592_734141846644306_2308086324500143385_o.jpg\" data-pswp-width=\"\" data-pswp-height=\"\" data-cropped=\"true\"><img loading=\"lazy\" decoding=\"async\" class=\" wp-image-10169 aligncenter\" alt=\"616592_73414184664306_2308086324500143385_o\" src=\"https:\/\/dailynewshungary.com\/wp-content\/uploads\/2014\/08\/616592_734141846644306_2308086324500143385_o.jpg\" width=\"576\" height=\"385\" srcset=\"https:\/\/contentf5.dailynewshungary.com\/wp-content\/uploads\/2014\/08\/616592_734141846644306_2308086324500143385_o.jpg 1200w, https:\/\/contentf5.dailynewshungary.com\/wp-content\/uploads\/2014\/08\/616592_734141846644306_2308086324500143385_o-300x200.jpg 300w, https:\/\/contentf5.dailynewshungary.com\/wp-content\/uploads\/2014\/08\/616592_734141846644306_2308086324500143385_o-1024x683.jpg 1024w, https:\/\/contentf5.dailynewshungary.com\/wp-content\/uploads\/2014\/08\/616592_734141846644306_2308086324500143385_o-600x400.jpg 600w\" sizes=\"auto, (max-width: 576px) 100vw, 576px\"><\/a><\/p>\n<p>Offiziell wird diese Methode in Budapest nicht unterst\u00fctzt, da der Krankenwagen w\u00e4hrend der Hauptverkehrszeiten die Stra\u00dfenbahnschienen benutzen muss, so dass es auf der Strecke der 4-6 Stra\u00dfenbahnen unm\u00f6glich w\u00e4re Aber auf der K.r\u00f6si Csoma S\u00e1ndor \u00fat wird es kein Problem geben, angeblich varosban.blog.hu sagt.<\/p>\n<p style=\"text-align: center;\"><a href=\"https:\/\/dailynewshungary.com\/wp-content\/uploads\/2014\/08\/10608480_734141763310981_3414985683268520915_o.jpg\" data-pswp-width=\"\" data-pswp-height=\"\" data-cropped=\"true\"><img loading=\"lazy\" decoding=\"async\" class=\" wp-image-10168 aligncenter\" alt=\"10608480_73414176310981_3414985683268520915_o\" src=\"https:\/\/dailynewshungary.com\/wp-content\/uploads\/2014\/08\/10608480_734141763310981_3414985683268520915_o.jpg\" width=\"576\" height=\"385\" srcset=\"https:\/\/contentf5.dailynewshungary.com\/wp-content\/uploads\/2014\/08\/10608480_734141763310981_3414985683268520915_o.jpg 1200w, https:\/\/contentf5.dailynewshungary.com\/wp-content\/uploads\/2014\/08\/10608480_734141763310981_3414985683268520915_o-300x200.jpg 300w, https:\/\/contentf5.dailynewshungary.com\/wp-content\/uploads\/2014\/08\/10608480_734141763310981_3414985683268520915_o-1024x683.jpg 1024w, https:\/\/contentf5.dailynewshungary.com\/wp-content\/uploads\/2014\/08\/10608480_734141763310981_3414985683268520915_o-600x400.jpg 600w\" sizes=\"auto, (max-width: 576px) 100vw, 576px\"><\/a><\/p>\n<p>Neben der Begradigung wurde seit November 2013 ein Haufen Renovierungen durchgef\u00fchrt und die Folge wird sein, dass die Fahrg\u00e4ste bequemer und schneller fahren k\u00f6nnen Die R\u00e4nder der Stationen wurden einheitlich auf 26 cm angehoben, so dass das Einsteigen in die Niederflurstra\u00dfenbahnen einfacher wird, der Verkehr soll in dieser Woche auf den Abschnitten von Zugl\u00f3 und K b\u00e1nya wieder aufgenommen werden.<\/p>\n<p><em>Auf Grund des Artikels des <a href=\"http:\/\/varosban.blog.hu\/2014\/08\/28\/nagyon_meno_lett_a_3-as_villamos_fuvesitett_palyaja\" target=\"_blank\" rel=\"noopener\">varosban.blog.hu<\/a>&nbsp;<\/em><br \/>\n<em>\u00dcbersetzt von Becsi<\/em><\/p>\n<p><em>Foto:&nbsp;<a href=\"https:\/\/www.facebook.com\/bkkbudapest\" target=\"_blank\" rel=\"noopener\">https:\/\/www.facebook.com\/bkkbudapest<\/a><\/em><\/p>\n","protected":false},"excerpt":{"rendered":"<p>Sie k\u00f6nnen den neu renovierten Abschnitt der Stra\u00dfenbahnstra\u00dfe sehen, sagt varosban.blog.hu. Man sieht, dass auf der erneuerbaren Strecke zwischen Nagy Lajos Kir\u00e1ly utca\/Czobor utca und Ecseri \u00fat der letzte Schliff gegeben wird. Der grasbedeckte Abschnitt liegt auf dem K.r\u00f6si Csoma S\u00e1ndor \u00fat, im Ausland war er bisher nur zu sehen, unter anderem in Hannover, wo [&hellip;]<\/p>\n","protected":false},"author":2,"featured_media":771754,"comment_status":"open","ping_status":"open","sticky":false,"template":"","format":"standard","meta":{"_acf_changed":false,"_display_image":"","footnotes":""},"categories":[1098],"tags":[1297],"class_list":["post-771753","post","type-post","status-publish","format-standard","has-post-thumbnail","hentry","category-gesellschaft","tag-transport"],"blocksy_meta":[],"acf":[],"author_username":"alk","telegram_post":"","public_post_metadata":{"breaking_news":"","important":"","csempe":"","center_tile":"","disable_thumbnail":"","target_lang":"","_featured_image_style":"","telegram_post":"","_xlat_group_id":""},"public_rank_math_data":{"title":"%title% %sep% %sitename%","description":"","focus_keyword":"","canonical_url":"","robots":"","primary_category":"1098","breadcrumb_title":"","facebook_title":"","facebook_description":"","facebook_image":"","facebook_image_id":"","twitter_title":"","twitter_description":"","twitter_image":"","twitter_image_id":"","twitter_card_type":"","twitter_use_facebook":"","advanced_robots":"","pillar_content":"","seo_score":"","contentai_score":"","rich_snippet":""},"_links":{"self":[{"href":"https:\/\/dailynewshungary.com\/de\/wp-json\/wp\/v2\/posts\/771753","targetHints":{"allow":["GET"]}}],"collection":[{"href":"https:\/\/dailynewshungary.com\/de\/wp-json\/wp\/v2\/posts"}],"about":[{"href":"https:\/\/dailynewshungary.com\/de\/wp-json\/wp\/v2\/types\/post"}],"author":[{"embeddable":true,"href":"https:\/\/dailynewshungary.com\/de\/wp-json\/wp\/v2\/users\/2"}],"replies":[{"embeddable":true,"href":"https:\/\/dailynewshungary.com\/de\/wp-json\/wp\/v2\/comments?post=771753"}],"version-history":[{"count":0,"href":"https:\/\/dailynewshungary.com\/de\/wp-json\/wp\/v2\/posts\/771753\/revisions"}],"wp:featuredmedia":[{"embeddable":true,"href":"https:\/\/dailynewshungary.com\/de\/wp-json\/wp\/v2\/media\/771754"}],"wp:attachment":[{"href":"https:\/\/dailynewshungary.com\/de\/wp-json\/wp\/v2\/media?parent=771753"}],"wp:term":[{"taxonomy":"category","embeddable":true,"href":"https:\/\/dailynewshungary.com\/de\/wp-json\/wp\/v2\/categories?post=771753"},{"taxonomy":"post_tag","embeddable":true,"href":"https:\/\/dailynewshungary.com\/de\/wp-json\/wp\/v2\/tags?post=771753"}],"curies":[{"name":"wp","href":"https:\/\/api.w.org\/{rel}","templated":true}]}}