{"id":771765,"date":"2014-08-28T15:10:42","date_gmt":"2014-08-28T13:10:42","guid":{"rendered":"https:\/\/dailynewshungary.com\/de\/ministerteam-bereitet-sich-auf-die-konsolidierung-offentlicher-versorgungsunternehmen-vor\/"},"modified":"2014-08-28T15:10:42","modified_gmt":"2014-08-28T13:10:42","slug":"ministerteam-bereitet-sich-auf-die-konsolidierung-offentlicher-versorgungsunternehmen-vor","status":"publish","type":"post","link":"https:\/\/dailynewshungary.com\/de\/ministerteam-bereitet-sich-auf-die-konsolidierung-offentlicher-versorgungsunternehmen-vor\/","title":{"rendered":"Ministerteam bereitet sich auf die Konsolidierung \u00f6ffentlicher Versorgungsunternehmen vor"},"content":{"rendered":"<p><strong>Budapest, 28. August (MTI) (Die Regierung hat eine Arbeitsgruppe beauftragt, die Konsolidierung der staatlichen Strom, Gas &#8211; und Fernw\u00e4rmeunternehmen zu einer einzigen gemeinn\u00fctzigen Holdinggesellschaft vorzubereiten, wie eine am sp\u00e4ten Mittwoch im Amtsblatt Magyar Kozlony ver\u00f6ffentlichte Resolution zeigte.<\/strong><\/p>\n<p>An der Arbeitsgruppe werden der Leiter des Ministerpr\u00e4sidentenamtes, der Justizminister, der Entwicklungsminister, der Innenminister und der Pr\u00e4sident des ungarischen Energie- und Versorgungsregulierungsamtes (MEKH) teilnehmen.<\/p>\n<p>Gem\u00e4\u00df der Resolution werden die Eigentumsrechte an der Versorgungsgruppe sowie allgemeine Regulierungsbefugnisse \u00fcber \u00f6ffentliche Dienstleistungen vom Leiter des B\u00fcros des Premierministers ausge\u00fcbt.<\/p>\n<p>In der Entschlie\u00dfung wird der Arbeitsgruppe eine Frist bis zum 15. September gesetzt, um einen Vorschlag bez\u00fcglich der f\u00fcr die Konsolidierung erforderlichen Gesetzes\u00e4nderungen vorzulegen.<\/p>\n<p>Die Regierung setzte die Arbeitsgruppe zur Vorbereitung auf gemeinn\u00fctzige \u00f6ffentliche Dienstleistungen durch eine fr\u00fchere Resolution ein, die am 15. August ver\u00f6ffentlicht wurde. Gem\u00e4\u00df dieser Resolution versucht die Regierung, g\u00fcnstige und nachhaltige \u00f6ffentliche Versorgungsdienste sicherzustellen.<\/p>\n","protected":false},"excerpt":{"rendered":"<p>Budapest, 28. August (MTI) (Die Regierung hat eine Arbeitsgruppe beauftragt, die Konsolidierung der staatlichen Strom, Gas &#8211; und Fernw\u00e4rmeunternehmen zu einer einzigen gemeinn\u00fctzigen Holdinggesellschaft vorzubereiten, wie eine am sp\u00e4ten Mittwoch im Amtsblatt Magyar Kozlony ver\u00f6ffentlichte Resolution zeigte. An der Arbeitsgruppe werden der Leiter des Ministerpr\u00e4sidentenamtes, der Justizminister, der Entwicklungsminister, der Innenminister und der Pr\u00e4sident des [&hellip;]<\/p>\n","protected":false},"author":2,"featured_media":771766,"comment_status":"open","ping_status":"open","sticky":false,"template":"","format":"standard","meta":{"_acf_changed":false,"_display_image":"","footnotes":""},"categories":[1081],"tags":[1066],"class_list":["post-771765","post","type-post","status-publish","format-standard","has-post-thumbnail","hentry","category-politik","tag-hungary"],"blocksy_meta":[],"acf":[],"author_username":"alk","telegram_post":"","public_post_metadata":{"breaking_news":"","important":"","csempe":"","center_tile":"","disable_thumbnail":"","target_lang":"","_featured_image_style":"","telegram_post":"","_xlat_group_id":""},"public_rank_math_data":{"title":"%title% %sep% %sitename%","description":"","focus_keyword":"","canonical_url":"","robots":"","primary_category":"1081","breadcrumb_title":"","facebook_title":"","facebook_description":"","facebook_image":"","facebook_image_id":"","twitter_title":"","twitter_description":"","twitter_image":"","twitter_image_id":"","twitter_card_type":"","twitter_use_facebook":"","advanced_robots":"","pillar_content":"","seo_score":"","contentai_score":"","rich_snippet":""},"_links":{"self":[{"href":"https:\/\/dailynewshungary.com\/de\/wp-json\/wp\/v2\/posts\/771765","targetHints":{"allow":["GET"]}}],"collection":[{"href":"https:\/\/dailynewshungary.com\/de\/wp-json\/wp\/v2\/posts"}],"about":[{"href":"https:\/\/dailynewshungary.com\/de\/wp-json\/wp\/v2\/types\/post"}],"author":[{"embeddable":true,"href":"https:\/\/dailynewshungary.com\/de\/wp-json\/wp\/v2\/users\/2"}],"replies":[{"embeddable":true,"href":"https:\/\/dailynewshungary.com\/de\/wp-json\/wp\/v2\/comments?post=771765"}],"version-history":[{"count":0,"href":"https:\/\/dailynewshungary.com\/de\/wp-json\/wp\/v2\/posts\/771765\/revisions"}],"wp:featuredmedia":[{"embeddable":true,"href":"https:\/\/dailynewshungary.com\/de\/wp-json\/wp\/v2\/media\/771766"}],"wp:attachment":[{"href":"https:\/\/dailynewshungary.com\/de\/wp-json\/wp\/v2\/media?parent=771765"}],"wp:term":[{"taxonomy":"category","embeddable":true,"href":"https:\/\/dailynewshungary.com\/de\/wp-json\/wp\/v2\/categories?post=771765"},{"taxonomy":"post_tag","embeddable":true,"href":"https:\/\/dailynewshungary.com\/de\/wp-json\/wp\/v2\/tags?post=771765"}],"curies":[{"name":"wp","href":"https:\/\/api.w.org\/{rel}","templated":true}]}}