{"id":771771,"date":"2014-08-28T10:06:37","date_gmt":"2014-08-28T08:06:37","guid":{"rendered":"https:\/\/dailynewshungary.com\/de\/jobbik-fordert-eine-untersuchung-mutmaslicher-ungarischer-beziehungen-zum-is\/"},"modified":"2014-08-28T10:06:37","modified_gmt":"2014-08-28T08:06:37","slug":"jobbik-fordert-eine-untersuchung-mutmaslicher-ungarischer-beziehungen-zum-is","status":"publish","type":"post","link":"https:\/\/dailynewshungary.com\/de\/jobbik-fordert-eine-untersuchung-mutmaslicher-ungarischer-beziehungen-zum-is\/","title":{"rendered":"Jobbik fordert eine Untersuchung mutma\u00dflicher ungarischer Beziehungen zum IS"},"content":{"rendered":"<p><strong>(MTI) \u2013 Die radikal-nationalistische Jobbik-Partei hat eine Sondersitzung der Aussch\u00fcsse f\u00fcr ausw\u00e4rtige Angelegenheiten und nationale Sicherheit des Parlaments vorgeschlagen, um die angebliche Rolle ungarischer S\u00f6ldner im Islamischen Staat im Irak und in der Levante (ISIS) zu untersuchen.<\/strong><\/p>\n<p>Unter Berufung auf westliche Medienberichte sagte der stellvertretende Fraktionsvorsitzende Marton Gyongyosi am Mittwoch auf einer Pressekonferenz, dass Tausende westliche S\u00f6ldner, darunter Dutzende Ungarn, in den Reihen der Terrororganisation k\u00e4mpfen.<\/p>\n<p>Obwohl Ungarns Anti-Terror-Truppe TEK und die nationalen Sicherheitsdienste die betroffenen Ungarn im Auge behalten, sollte das Parlament auch \u00fcber sie, ihre Zwecke und das Risiko ihrer Beteiligung informiert werden, sagte er.<\/p>\n<p>Jobbik habe vor langer Zeit gewarnt, wie \u201egef\u00e4hrlich\u201d die westliche Praxis sei, L\u00e4nder f\u00fcr ihre eigenen Zwecke zu destabilisieren, sagte Gyongyosi und nannte als Beispiele Afghanistan und den Irak.<\/p>\n<p>Er machte euroatlantische Bem\u00fchungen f\u00fcr die aktuelle Situation verantwortlich und die ungarische Regierung f\u00fcr die Unterst\u00fctzung der westlichen Position.<\/p>\n","protected":false},"excerpt":{"rendered":"<p>(MTI) \u2013 Die radikal-nationalistische Jobbik-Partei hat eine Sondersitzung der Aussch\u00fcsse f\u00fcr ausw\u00e4rtige Angelegenheiten und nationale Sicherheit des Parlaments vorgeschlagen, um die angebliche Rolle ungarischer S\u00f6ldner im Islamischen Staat im Irak und in der Levante (ISIS) zu untersuchen. Unter Berufung auf westliche Medienberichte sagte der stellvertretende Fraktionsvorsitzende Marton Gyongyosi am Mittwoch auf einer Pressekonferenz, dass Tausende [&hellip;]<\/p>\n","protected":false},"author":2,"featured_media":771772,"comment_status":"open","ping_status":"open","sticky":false,"template":"","format":"standard","meta":{"_acf_changed":false,"_display_image":"","footnotes":""},"categories":[1081],"tags":[1632],"class_list":["post-771771","post","type-post","status-publish","format-standard","has-post-thumbnail","hentry","category-politik","tag-jobbik"],"blocksy_meta":[],"acf":[],"author_username":"alk","telegram_post":"","public_post_metadata":{"breaking_news":"","important":"","csempe":"","center_tile":"","disable_thumbnail":"","target_lang":"","_featured_image_style":"","telegram_post":"","_xlat_group_id":""},"public_rank_math_data":{"title":"%title% %sep% %sitename%","description":"","focus_keyword":"","canonical_url":"","robots":"","primary_category":"1081","breadcrumb_title":"","facebook_title":"","facebook_description":"","facebook_image":"","facebook_image_id":"","twitter_title":"","twitter_description":"","twitter_image":"","twitter_image_id":"","twitter_card_type":"","twitter_use_facebook":"","advanced_robots":"","pillar_content":"","seo_score":"","contentai_score":"","rich_snippet":""},"_links":{"self":[{"href":"https:\/\/dailynewshungary.com\/de\/wp-json\/wp\/v2\/posts\/771771","targetHints":{"allow":["GET"]}}],"collection":[{"href":"https:\/\/dailynewshungary.com\/de\/wp-json\/wp\/v2\/posts"}],"about":[{"href":"https:\/\/dailynewshungary.com\/de\/wp-json\/wp\/v2\/types\/post"}],"author":[{"embeddable":true,"href":"https:\/\/dailynewshungary.com\/de\/wp-json\/wp\/v2\/users\/2"}],"replies":[{"embeddable":true,"href":"https:\/\/dailynewshungary.com\/de\/wp-json\/wp\/v2\/comments?post=771771"}],"version-history":[{"count":0,"href":"https:\/\/dailynewshungary.com\/de\/wp-json\/wp\/v2\/posts\/771771\/revisions"}],"wp:featuredmedia":[{"embeddable":true,"href":"https:\/\/dailynewshungary.com\/de\/wp-json\/wp\/v2\/media\/771772"}],"wp:attachment":[{"href":"https:\/\/dailynewshungary.com\/de\/wp-json\/wp\/v2\/media?parent=771771"}],"wp:term":[{"taxonomy":"category","embeddable":true,"href":"https:\/\/dailynewshungary.com\/de\/wp-json\/wp\/v2\/categories?post=771771"},{"taxonomy":"post_tag","embeddable":true,"href":"https:\/\/dailynewshungary.com\/de\/wp-json\/wp\/v2\/tags?post=771771"}],"curies":[{"name":"wp","href":"https:\/\/api.w.org\/{rel}","templated":true}]}}