{"id":771795,"date":"2014-08-26T10:05:29","date_gmt":"2014-08-26T08:05:29","guid":{"rendered":"https:\/\/dailynewshungary.com\/de\/stellvertretender-premierminister-die-regierung-unterstutzt-die-autonomiebemuhungen-ethnischer-angehoriger\/"},"modified":"2014-08-26T10:05:29","modified_gmt":"2014-08-26T08:05:29","slug":"stellvertretender-premierminister-die-regierung-unterstutzt-die-autonomiebemuhungen-ethnischer-angehoriger","status":"publish","type":"post","link":"https:\/\/dailynewshungary.com\/de\/stellvertretender-premierminister-die-regierung-unterstutzt-die-autonomiebemuhungen-ethnischer-angehoriger\/","title":{"rendered":"Stellvertretender Premierminister: Die Regierung unterst\u00fctzt die Autonomiebem\u00fchungen ethnischer Angeh\u00f6riger"},"content":{"rendered":"<p>(MTI) \u201eAuch die ungarische Regierung unterst\u00fctzt\u201cdie Autonomiebem\u00fchungen der ungarischen Gemeinschaften im Ausland \u201evollst\u00e4ndig\u201d, sagte Vizepremierminister Zsolt Semjen am Montag.<\/p>\n<p>Die Regierung unterst\u00fctze alle Autonomiekonzepte, die von den Gemeinden f\u00fcr ihr eigenes \u00dcberleben entwickelt w\u00fcrden, sagte Semjen auf dem j\u00e4hrlichen Treffen der Leiter diplomatischer Missionen in Budapest.<\/p>\n<p>Diese Gemeinschaften h\u00e4tten nie etwas gefordert, f\u00fcr das es in Europa keinen Pr\u00e4zedenzfall gebe, sagte er.<\/p>\n<p>\u201cWir sind weder B\u00fcrger zweiter Klasse noch Menschen zweiter Klasse\u201d, sagte Semjen und betonte die Notwendigkeit, Extremismusvorw\u00fcrfe in Autonomiefragen gegen Ungarn zur\u00fcckzuweisen.<\/p>\n<p>Der stellvertretende Ministerpr\u00e4sident stellte fest, dass in den vergangenen dreieinhalb Jahren rund 610.000 ethnische Ungarn im Rahmen eines Schnellverfahrens die ungarische Staatsb\u00fcrgerschaft beantragt h\u00e4ttenWenn der aktuelle Trend anh\u00e4lt, wird die Regierung in der Lage sein, ihren Plan, bis 2018 eine Million in die Gemeinschaft der ungarischen B\u00fcrger aufzunehmen, zu erf\u00fcllen, sagte er.<\/p>\n<p><em>Foto: MTI \u2013 Szilard Koszticsak<\/em><\/p>\n","protected":false},"excerpt":{"rendered":"<p>(MTI) \u201eAuch die ungarische Regierung unterst\u00fctzt\u201cdie Autonomiebem\u00fchungen der ungarischen Gemeinschaften im Ausland \u201evollst\u00e4ndig\u201d, sagte Vizepremierminister Zsolt Semjen am Montag. Die Regierung unterst\u00fctze alle Autonomiekonzepte, die von den Gemeinden f\u00fcr ihr eigenes \u00dcberleben entwickelt w\u00fcrden, sagte Semjen auf dem j\u00e4hrlichen Treffen der Leiter diplomatischer Missionen in Budapest. Diese Gemeinschaften h\u00e4tten nie etwas gefordert, f\u00fcr das es [&hellip;]<\/p>\n","protected":false},"author":2,"featured_media":771796,"comment_status":"open","ping_status":"open","sticky":false,"template":"","format":"standard","meta":{"_acf_changed":false,"_display_image":"","footnotes":""},"categories":[1081],"tags":[1066],"class_list":["post-771795","post","type-post","status-publish","format-standard","has-post-thumbnail","hentry","category-politik","tag-hungary"],"blocksy_meta":[],"acf":[],"author_username":"alk","telegram_post":"","public_post_metadata":{"breaking_news":"","important":"","csempe":"","center_tile":"","disable_thumbnail":"","target_lang":"","_featured_image_style":"","telegram_post":"","_xlat_group_id":""},"public_rank_math_data":{"title":"%title% %sep% %sitename%","description":"","focus_keyword":"","canonical_url":"","robots":"","primary_category":"1081","breadcrumb_title":"","facebook_title":"","facebook_description":"","facebook_image":"","facebook_image_id":"","twitter_title":"","twitter_description":"","twitter_image":"","twitter_image_id":"","twitter_card_type":"","twitter_use_facebook":"","advanced_robots":"","pillar_content":"","seo_score":"","contentai_score":"","rich_snippet":""},"_links":{"self":[{"href":"https:\/\/dailynewshungary.com\/de\/wp-json\/wp\/v2\/posts\/771795","targetHints":{"allow":["GET"]}}],"collection":[{"href":"https:\/\/dailynewshungary.com\/de\/wp-json\/wp\/v2\/posts"}],"about":[{"href":"https:\/\/dailynewshungary.com\/de\/wp-json\/wp\/v2\/types\/post"}],"author":[{"embeddable":true,"href":"https:\/\/dailynewshungary.com\/de\/wp-json\/wp\/v2\/users\/2"}],"replies":[{"embeddable":true,"href":"https:\/\/dailynewshungary.com\/de\/wp-json\/wp\/v2\/comments?post=771795"}],"version-history":[{"count":0,"href":"https:\/\/dailynewshungary.com\/de\/wp-json\/wp\/v2\/posts\/771795\/revisions"}],"wp:featuredmedia":[{"embeddable":true,"href":"https:\/\/dailynewshungary.com\/de\/wp-json\/wp\/v2\/media\/771796"}],"wp:attachment":[{"href":"https:\/\/dailynewshungary.com\/de\/wp-json\/wp\/v2\/media?parent=771795"}],"wp:term":[{"taxonomy":"category","embeddable":true,"href":"https:\/\/dailynewshungary.com\/de\/wp-json\/wp\/v2\/categories?post=771795"},{"taxonomy":"post_tag","embeddable":true,"href":"https:\/\/dailynewshungary.com\/de\/wp-json\/wp\/v2\/tags?post=771795"}],"curies":[{"name":"wp","href":"https:\/\/api.w.org\/{rel}","templated":true}]}}