{"id":771860,"date":"2014-08-21T06:46:04","date_gmt":"2014-08-21T04:46:04","guid":{"rendered":"https:\/\/dailynewshungary.com\/de\/regierungsbeamte-gedenken-der-geburt-des-ungarischen-staates\/"},"modified":"2014-08-21T06:46:04","modified_gmt":"2014-08-21T04:46:04","slug":"regierungsbeamte-gedenken-der-geburt-des-ungarischen-staates","status":"publish","type":"post","link":"https:\/\/dailynewshungary.com\/de\/regierungsbeamte-gedenken-der-geburt-des-ungarischen-staates\/","title":{"rendered":"Regierungsbeamte gedenken der Geburt des ungarischen Staates"},"content":{"rendered":"<p><strong>(MTI) \u2013 Regierungsbeamte gedachten landesweit des Nationalfeiertags vom 20. August und erinnerten an die Gr\u00fcndung des ersten ungarischen Staates durch den Heiligen Stephanus.<\/strong><\/p>\n<p>Bei Staatsfeierlichkeiten im ostungarischen Eger sagte der stellvertretende Ministerpr\u00e4sident Zsolt Semjen, es sei die Entscheidung des heiligen Stephanus, des ersten K\u00f6nigs von Ungarn, dass das Land keiner Macht, dem Heiligen R\u00f6mischen Reich oder dem Byzantinischen Reich, untergeordnet werden d\u00fcrfeEs war auch fr\u00fcher der Wille der ungarischen Nation, dass das Land keine Kolonie Moskaus werden sollte Und auch heute noch wird Ungarn nicht den Weltmachtzentren untergeordnet werden, sagte Semjen.<\/p>\n<p><a href=\"https:\/\/dailynewshungary.com\/wp-content\/uploads\/2014\/08\/l\u00e1z\u00e1r.jpg\" data-pswp-width=\"\" data-pswp-height=\"\" data-cropped=\"true\"><img loading=\"lazy\" decoding=\"async\" class=\"size-full wp-image-9968 aligncenter\" alt=\"L\u00e1z\u00e1r\" src=\"https:\/\/dailynewshungary.com\/wp-content\/uploads\/2014\/08\/l\u00e1z\u00e1r.jpg\" width=\"600\" height=\"399\" srcset=\"https:\/\/contentf5.dailynewshungary.com\/wp-content\/uploads\/2014\/08\/l\u00e1z\u00e1r.jpg 600w, https:\/\/contentf5.dailynewshungary.com\/wp-content\/uploads\/2014\/08\/l\u00e1z\u00e1r-300x200.jpg 300w\" sizes=\"auto, (max-width: 600px) 100vw, 600px\"><\/a><\/p>\n<p>Janos Lazar, der Leiter des B\u00fcros des Premierministers, sagte bei einer Versammlung im s\u00fcdungarischen Hodmezovasarhely, dass der Tag des heiligen Stephanus Ungarns Geburtstag sei und das symbolische Datum, das die Geburt des Staates markiert, ganz im Zeichen des Schaffens und Bauens steheDer Tag sei auch ein Symbol f\u00fcr Ungarns jahrhundertealten Platz und seine Rolle in der christlichen Welt und f\u00fcr seine historische Zugeh\u00f6rigkeit zu einer europ\u00e4ischen Gemeinschaft, sagte er.<\/p>\n<p>Der stellvertretende Fidesz-F\u00fchrer Lajos Kosa sagte in Debrecen, Ostungarn, dass die Taten des Heiligen Stephanus vorbildlich und einzigartig in der Geschichte des europ\u00e4ischen Volkes seien und es eine Erfolgsgeschichte sei, wie Ungarn aus dem Osten ihre Heimat finden und sich nach Europa einf\u00fcgen k\u00f6nnten. Sie nehmen das Christentum an und werden bis heute ein erfolgreiches Land.<\/p>\n<p><em>Foto: MTI \u2013 Zoltan Mathe, Gergely Zoltan<\/em><\/p>\n","protected":false},"excerpt":{"rendered":"<p>(MTI) \u2013 Regierungsbeamte gedachten landesweit des Nationalfeiertags vom 20. August und erinnerten an die Gr\u00fcndung des ersten ungarischen Staates durch den Heiligen Stephanus. Bei Staatsfeierlichkeiten im ostungarischen Eger sagte der stellvertretende Ministerpr\u00e4sident Zsolt Semjen, es sei die Entscheidung des heiligen Stephanus, des ersten K\u00f6nigs von Ungarn, dass das Land keiner Macht, dem Heiligen R\u00f6mischen Reich [&hellip;]<\/p>\n","protected":false},"author":2,"featured_media":771861,"comment_status":"open","ping_status":"open","sticky":false,"template":"","format":"standard","meta":{"_acf_changed":false,"_display_image":"","footnotes":""},"categories":[1081],"tags":[1066],"class_list":["post-771860","post","type-post","status-publish","format-standard","has-post-thumbnail","hentry","category-politik","tag-hungary"],"blocksy_meta":[],"acf":[],"author_username":"alk","telegram_post":"","public_post_metadata":{"breaking_news":"","important":"","csempe":"","center_tile":"","disable_thumbnail":"","target_lang":"","_featured_image_style":"","telegram_post":"","_xlat_group_id":""},"public_rank_math_data":{"title":"%title% %sep% %sitename%","description":"","focus_keyword":"","canonical_url":"","robots":"","primary_category":"1081","breadcrumb_title":"","facebook_title":"","facebook_description":"","facebook_image":"","facebook_image_id":"","twitter_title":"","twitter_description":"","twitter_image":"","twitter_image_id":"","twitter_card_type":"","twitter_use_facebook":"","advanced_robots":"","pillar_content":"","seo_score":"","contentai_score":"","rich_snippet":""},"_links":{"self":[{"href":"https:\/\/dailynewshungary.com\/de\/wp-json\/wp\/v2\/posts\/771860","targetHints":{"allow":["GET"]}}],"collection":[{"href":"https:\/\/dailynewshungary.com\/de\/wp-json\/wp\/v2\/posts"}],"about":[{"href":"https:\/\/dailynewshungary.com\/de\/wp-json\/wp\/v2\/types\/post"}],"author":[{"embeddable":true,"href":"https:\/\/dailynewshungary.com\/de\/wp-json\/wp\/v2\/users\/2"}],"replies":[{"embeddable":true,"href":"https:\/\/dailynewshungary.com\/de\/wp-json\/wp\/v2\/comments?post=771860"}],"version-history":[{"count":0,"href":"https:\/\/dailynewshungary.com\/de\/wp-json\/wp\/v2\/posts\/771860\/revisions"}],"wp:featuredmedia":[{"embeddable":true,"href":"https:\/\/dailynewshungary.com\/de\/wp-json\/wp\/v2\/media\/771861"}],"wp:attachment":[{"href":"https:\/\/dailynewshungary.com\/de\/wp-json\/wp\/v2\/media?parent=771860"}],"wp:term":[{"taxonomy":"category","embeddable":true,"href":"https:\/\/dailynewshungary.com\/de\/wp-json\/wp\/v2\/categories?post=771860"},{"taxonomy":"post_tag","embeddable":true,"href":"https:\/\/dailynewshungary.com\/de\/wp-json\/wp\/v2\/tags?post=771860"}],"curies":[{"name":"wp","href":"https:\/\/api.w.org\/{rel}","templated":true}]}}