{"id":771870,"date":"2014-08-20T10:14:14","date_gmt":"2014-08-20T08:14:14","guid":{"rendered":"https:\/\/dailynewshungary.com\/de\/orban-freiheitskampfer-der-ungarn\/"},"modified":"2014-08-20T10:14:14","modified_gmt":"2014-08-20T08:14:14","slug":"orban-freiheitskampfer-der-ungarn","status":"publish","type":"post","link":"https:\/\/dailynewshungary.com\/de\/orban-freiheitskampfer-der-ungarn\/","title":{"rendered":"Orban: Freiheitsk\u00e4mpfer der Ungarn"},"content":{"rendered":"<p><strong>(MTI) \u2013 Ungarn sind Freiheitsk\u00e4mpfer, die sich nur dann wohlf\u00fchlen, wenn sie in einer \u201cOrdnung der Freiheit\u201d leben, sagte Ministerpr\u00e4sident Viktor Orban am Dienstag in Sopronpuszta.<\/strong><\/p>\n<p>Anl\u00e4sslich eines Gedenkens an den 25. Jahrestag des Paneurop\u00e4ischen Picknicks nahe der Grenze zu \u00d6sterreich sagte Orban, das Niveau der Freiheit habe sich in den letzten 25 Jahren unbestreitbar verbessert und in dieser Hinsicht habe der demokratische \u00dcbergang Bestnoten erzielt Gleichzeitig bleibe die Inflation und die Staatsverschuldung hoch, w\u00e4hrend sich Arbeitslosigkeit, \u00f6ffentliches Verm\u00f6gen und \u00f6ffentliche Ordnung verschlechtert h\u00e4tten, f\u00fcgte er hinzu.<\/p>\n<p>Gute Leistung sollte erhalten bleiben und das Schlechte muss ge\u00e4ndert werden, sagte Orban.<\/p>\n<p>In der zweiten H\u00e4lfte der achtziger Jahre sei es eine Selbstverst\u00e4ndlichkeit gewesen, dass der \u201czerfallene Osten\u201d das westliche Modell \u00fcbernehmen solle, aber inzwischen sei klar, dass auch die Wirtschaft Westeuropas \u00e4u\u00dferst anf\u00e4llig sei, sagte er.<\/p>\n<p>\u201cHeute m\u00fcssen wir dar\u00fcber nachdenken, was hier und jetzt gut f\u00fcr die Ungarn ist und nicht, wo es besser gemacht wird (&#8230;), sagte er.<\/p>\n<p>Orban sagte, dass Ungarn aufgrund kultureller Unterschiede keine Anleihen bei chinesischen, russischen, japanischen oder s\u00fcdkoreanischen Modellen aufnehmen k\u00f6nne, sich aber gleichzeitig nicht einem westeurop\u00e4ischen Weg anschlie\u00dfen k\u00f6nne, der eindeutig seine Reserven verliere, und diese m\u00f6glicherweise bereits ersch\u00f6pft habe.<\/p>\n<p>Orban sagte, Ungarn werde bald zu den Durchschnittsl\u00f6hnen der Europ\u00e4ischen Union aufschlie\u00dfen, wenn die aktuelle Wirtschaftspolitik fortgesetzt und das Wirtschaftswachstum von 2-4 Prozent bis in den Bereich von 4-6 Prozent gesteigert werden k\u00f6nne.<\/p>\n<p>Er f\u00fcgte hinzu, dass es Anfang der 1990 er Jahre mangels einer Zweidrittelmehrheit im Parlament nicht m\u00f6glich gewesen sei, bestimmte Schritte zu unternehmen, 2010 sei eine \u201cRevolution\u201d mit dem [Fidesz&#8217;] Zweidrittelsieg durchgef\u00fchrt worden, der sich in diesem Jahr wiederholt habe, sagte erEr stellte fest, dass 1994 auch die sozialistisch-liberale Koalition eine eigene \u201cZweidrittelrevolution\u201d durchgef\u00fchrt und in Budapest das ge\u00e4ndert habe, was sie f\u00fcr wichtig hielten.<\/p>\n<p>Orban erinnerte sich an den Runden Tisch der Opposition [des Regimewechsels von 1989], Fidesz sei eine radikale, antikommunistische Unabh\u00e4ngigkeitsbewegung und es sei damals viel dar\u00fcber gesprochen worden, wie weit tiefgreifende Ver\u00e4nderungen vorangetrieben werden sollten, am Ende waren sie sich einig, dass sie so radikal wie m\u00f6glich sein m\u00fcssten, denn \u201cauch wenn es eine Umkehr gibt, \u201cdas ist mitteleurop\u00e4ische Geschichte, und die Umkehrung ist immer bis zum letzten Punkt, an den sie es geschafft haben, zu gelangen\u201d, sagte er.<\/p>\n<p>\u201cEs wurde vereinbart, dass wir jetzt, wo es m\u00f6glich ist, voranzukommen, nicht \u00fcberm\u00e4\u00dfig analysieren und gro\u00dfe Theorien aufbauen d\u00fcrfen, sondern alles tun d\u00fcrfen, was getan werden muss, was das Land in die Freiheit f\u00fchrt\u201d, sagte er.<\/p>\n<p><em>Foto: MTI \u2013 Szilard Koszticsak<\/em><\/p>\n","protected":false},"excerpt":{"rendered":"<p>(MTI) \u2013 Ungarn sind Freiheitsk\u00e4mpfer, die sich nur dann wohlf\u00fchlen, wenn sie in einer \u201cOrdnung der Freiheit\u201d leben, sagte Ministerpr\u00e4sident Viktor Orban am Dienstag in Sopronpuszta. Anl\u00e4sslich eines Gedenkens an den 25. Jahrestag des Paneurop\u00e4ischen Picknicks nahe der Grenze zu \u00d6sterreich sagte Orban, das Niveau der Freiheit habe sich in den letzten 25 Jahren unbestreitbar [&hellip;]<\/p>\n","protected":false},"author":2,"featured_media":771871,"comment_status":"open","ping_status":"open","sticky":false,"template":"","format":"standard","meta":{"_acf_changed":false,"_display_image":"","footnotes":""},"categories":[1081],"tags":[1125,1128],"class_list":["post-771870","post","type-post","status-publish","format-standard","has-post-thumbnail","hentry","category-politik","tag-geschichte","tag-viktor-orban"],"blocksy_meta":[],"acf":[],"author_username":"alk","telegram_post":"","public_post_metadata":{"breaking_news":"","important":"","csempe":"","center_tile":"","disable_thumbnail":"","target_lang":"","_featured_image_style":"","telegram_post":"","_xlat_group_id":""},"public_rank_math_data":{"title":"%title% %sep% %sitename%","description":"","focus_keyword":"","canonical_url":"","robots":"","primary_category":"1081","breadcrumb_title":"","facebook_title":"","facebook_description":"","facebook_image":"","facebook_image_id":"","twitter_title":"","twitter_description":"","twitter_image":"","twitter_image_id":"","twitter_card_type":"","twitter_use_facebook":"","advanced_robots":"","pillar_content":"","seo_score":"","contentai_score":"","rich_snippet":""},"_links":{"self":[{"href":"https:\/\/dailynewshungary.com\/de\/wp-json\/wp\/v2\/posts\/771870","targetHints":{"allow":["GET"]}}],"collection":[{"href":"https:\/\/dailynewshungary.com\/de\/wp-json\/wp\/v2\/posts"}],"about":[{"href":"https:\/\/dailynewshungary.com\/de\/wp-json\/wp\/v2\/types\/post"}],"author":[{"embeddable":true,"href":"https:\/\/dailynewshungary.com\/de\/wp-json\/wp\/v2\/users\/2"}],"replies":[{"embeddable":true,"href":"https:\/\/dailynewshungary.com\/de\/wp-json\/wp\/v2\/comments?post=771870"}],"version-history":[{"count":0,"href":"https:\/\/dailynewshungary.com\/de\/wp-json\/wp\/v2\/posts\/771870\/revisions"}],"wp:featuredmedia":[{"embeddable":true,"href":"https:\/\/dailynewshungary.com\/de\/wp-json\/wp\/v2\/media\/771871"}],"wp:attachment":[{"href":"https:\/\/dailynewshungary.com\/de\/wp-json\/wp\/v2\/media?parent=771870"}],"wp:term":[{"taxonomy":"category","embeddable":true,"href":"https:\/\/dailynewshungary.com\/de\/wp-json\/wp\/v2\/categories?post=771870"},{"taxonomy":"post_tag","embeddable":true,"href":"https:\/\/dailynewshungary.com\/de\/wp-json\/wp\/v2\/tags?post=771870"}],"curies":[{"name":"wp","href":"https:\/\/api.w.org\/{rel}","templated":true}]}}