{"id":771918,"date":"2014-08-16T08:30:45","date_gmt":"2014-08-16T06:30:45","guid":{"rendered":"https:\/\/dailynewshungary.com\/de\/interview-orban-wirtschaftswachstum-ist-der-arbeitsbereitschaft-der-ungarn-zu-verdanken\/"},"modified":"2014-08-16T08:30:45","modified_gmt":"2014-08-16T06:30:45","slug":"interview-orban-wirtschaftswachstum-ist-der-arbeitsbereitschaft-der-ungarn-zu-verdanken","status":"publish","type":"post","link":"https:\/\/dailynewshungary.com\/de\/interview-orban-wirtschaftswachstum-ist-der-arbeitsbereitschaft-der-ungarn-zu-verdanken\/","title":{"rendered":"Interview \u2013 Orban: Wirtschaftswachstum ist der Arbeitsbereitschaft der Ungarn zu verdanken"},"content":{"rendered":"<p><strong>(MTI) \u2013 Premierminister Viktor Orban sagte, die am Donnerstag ver\u00f6ffentlichten au\u00dfergew\u00f6hnlichen Wirtschaftswachstumsdaten f\u00fcr das zweite Quartal seien darauf zur\u00fcckzuf\u00fchren, dass die Ungarn arbeiten wollen.<\/strong><\/p>\n<p>In einem Interview mit dem \u00f6ffentlich-rechtlichen Kossuth Radio am Freitag \u00e4u\u00dferte er sich zum j\u00e4hrlichen BIP-Anstieg von 3,9 Prozent und sagte, solange die Menschen arbeiten wollen, w\u00fcrden solche Ergebnisse erzielt.<\/p>\n<p>Orban sagte, da Ungarn ebenfalls zu einem Kriseng\u00fcrtel geh\u00f6re, sei es die Aufgabe des Staates, Arbeitsm\u00f6glichkeiten zu gew\u00e4hrleisten, die der Markt nicht bieten k\u00f6nne, und bei Bedarf m\u00fcssten mehrere Hunderttausende Arbeitspl\u00e4tze geschaffen werden.<\/p>\n<p>Der Ministerpr\u00e4sident sagte, 2010 h\u00e4tten in Ungarn 1,8 Millionen Arbeitnehmer Steuern gezahlt und nun sei diese Zahl auf 4,1 Millionen gestiegenEr f\u00fcgte hinzu, dass dies verbessert werden m\u00fcsse, da viele Menschen immer noch von der \u201carbeitsbasierten Gesellschaft\u201d ausgeschlossen seienDas Ziel sei, dass f\u00fcnf Millionen Menschen in Ungarn arbeiten, f\u00fcgte er hinzu.<\/p>\n<p><a href=\"https:\/\/dailynewshungary.com\/wp-content\/uploads\/2014\/08\/orb\u00e1n-1.jpg\" data-pswp-width=\"\" data-pswp-height=\"\" data-cropped=\"true\"><img loading=\"lazy\" decoding=\"async\" class=\"aligncenter\" alt=\"Orb\u00e1n-1\" src=\"https:\/\/dailynewshungary.com\/wp-content\/uploads\/2014\/08\/orb\u00e1n-1.jpg\" width=\"600\" height=\"400\"><\/a><\/p>\n<blockquote>\n<p>\u201cWir haben versprochen, \u00fcber zehn Jahre eine Million neue Arbeitspl\u00e4tze zu schaffen, aber jetzt sehe ich, dass wir das \u00fcbertreffen k\u00f6nnen; wir k\u00f6nnen und m\u00fcssen ein ungarisches Wirtschaftsmodell anstreben, das auf f\u00fcnf Millionen arbeitenden Menschen basiert\u201d, sagte er.<\/p>\n<\/blockquote>\n<p>Orban sagte, es sei wichtig f\u00fcr das ungarische Modell, dass das Denken nicht nach dem Vorbild einer liberalen Demokratie verlaufen d\u00fcrfe, sondern dass der Staat neben der Schaffung von Arbeitspl\u00e4tzen im privaten Sektor auch Arbeitsm\u00f6glichkeiten schaffen sollte.<\/p>\n<p>Er sagte, er stimme teilweise mit der westlichen Sichtweise \u00fcberein, dass im privaten Sektor Hilfe zur Schaffung von Arbeitspl\u00e4tzen geleistet werden sollte. Wenn es jedoch eine Krise gebe, m\u00fcssten zus\u00e4tzliche M\u00f6glichkeiten sichergestellt werden. Er sagte, dass das entstehende ungarische Modell gut funktioniere und Ergebnisse zeitige Der Premierminister f\u00fcgte hinzu, dass neben Ungarn auch die Briten ihr eigenes Modell verfolgen und \u201esie sehr gute Leistungen erbringen\u201c\u201d.<\/p>\n<p>Orban sagte, er rechne mit der Einrichtung einer \u201cguten Zusammenarbeit\u201d mit der Europ\u00e4ischen KommissionEr sagte, es g\u00e4be diejenigen, die \u201cUngarn zu einem schwarzen Schaf machen\u201d wollten, weil \u201cwir offen zugeben, dass wir keine liberale Demokratie aufbauen wollen, die ausschlie\u00dflich auf individuellen Interessen basiert, sondern eine Demokratie, die dem Gemeinwohl Vorrang einr\u00e4umt\u201d<\/p>\n<p>Ungarns Wirtschaft sei in der EU am schnellsten gewachsen, sagte Orban und f\u00fcgte hinzu, dass \u201edas auf dem Gemeinwohl basierende politische System, das demokratisch, wenn nicht liberal ist, das gew\u00fcnschte Ergebnis gebracht hat; es hat gr\u00f6\u00dfere Chancen geschaffen als die liberale Demokratie.\u201cin vielen L\u00e4ndern\u201d<\/p>\n<p><em>Foto: MTI \u2013 Laszlo Beliczay<\/em><\/p>\n","protected":false},"excerpt":{"rendered":"<p>(MTI) \u2013 Premierminister Viktor Orban sagte, die am Donnerstag ver\u00f6ffentlichten au\u00dfergew\u00f6hnlichen Wirtschaftswachstumsdaten f\u00fcr das zweite Quartal seien darauf zur\u00fcckzuf\u00fchren, dass die Ungarn arbeiten wollen. In einem Interview mit dem \u00f6ffentlich-rechtlichen Kossuth Radio am Freitag \u00e4u\u00dferte er sich zum j\u00e4hrlichen BIP-Anstieg von 3,9 Prozent und sagte, solange die Menschen arbeiten wollen, w\u00fcrden solche Ergebnisse erzielt. Orban [&hellip;]<\/p>\n","protected":false},"author":2,"featured_media":771919,"comment_status":"open","ping_status":"open","sticky":false,"template":"","format":"standard","meta":{"_acf_changed":false,"_display_image":"","footnotes":""},"categories":[1081],"tags":[1128],"class_list":["post-771918","post","type-post","status-publish","format-standard","has-post-thumbnail","hentry","category-politik","tag-viktor-orban"],"blocksy_meta":[],"acf":[],"author_username":"alk","telegram_post":"","public_post_metadata":{"breaking_news":"","important":"","csempe":"","center_tile":"","disable_thumbnail":"","target_lang":"","_featured_image_style":"","telegram_post":"","_xlat_group_id":""},"public_rank_math_data":{"title":"%title% %sep% %sitename%","description":"","focus_keyword":"","canonical_url":"","robots":"","primary_category":"1081","breadcrumb_title":"","facebook_title":"","facebook_description":"","facebook_image":"","facebook_image_id":"","twitter_title":"","twitter_description":"","twitter_image":"","twitter_image_id":"","twitter_card_type":"","twitter_use_facebook":"","advanced_robots":"","pillar_content":"","seo_score":"","contentai_score":"","rich_snippet":""},"_links":{"self":[{"href":"https:\/\/dailynewshungary.com\/de\/wp-json\/wp\/v2\/posts\/771918","targetHints":{"allow":["GET"]}}],"collection":[{"href":"https:\/\/dailynewshungary.com\/de\/wp-json\/wp\/v2\/posts"}],"about":[{"href":"https:\/\/dailynewshungary.com\/de\/wp-json\/wp\/v2\/types\/post"}],"author":[{"embeddable":true,"href":"https:\/\/dailynewshungary.com\/de\/wp-json\/wp\/v2\/users\/2"}],"replies":[{"embeddable":true,"href":"https:\/\/dailynewshungary.com\/de\/wp-json\/wp\/v2\/comments?post=771918"}],"version-history":[{"count":0,"href":"https:\/\/dailynewshungary.com\/de\/wp-json\/wp\/v2\/posts\/771918\/revisions"}],"wp:featuredmedia":[{"embeddable":true,"href":"https:\/\/dailynewshungary.com\/de\/wp-json\/wp\/v2\/media\/771919"}],"wp:attachment":[{"href":"https:\/\/dailynewshungary.com\/de\/wp-json\/wp\/v2\/media?parent=771918"}],"wp:term":[{"taxonomy":"category","embeddable":true,"href":"https:\/\/dailynewshungary.com\/de\/wp-json\/wp\/v2\/categories?post=771918"},{"taxonomy":"post_tag","embeddable":true,"href":"https:\/\/dailynewshungary.com\/de\/wp-json\/wp\/v2\/tags?post=771918"}],"curies":[{"name":"wp","href":"https:\/\/api.w.org\/{rel}","templated":true}]}}