{"id":771934,"date":"2014-08-14T16:02:28","date_gmt":"2014-08-14T14:02:28","guid":{"rendered":"https:\/\/dailynewshungary.com\/de\/keine-ungarn-im-irak-in-gefahr-sagt-ministerium\/"},"modified":"2014-08-14T16:02:28","modified_gmt":"2014-08-14T14:02:28","slug":"keine-ungarn-im-irak-in-gefahr-sagt-ministerium","status":"publish","type":"post","link":"https:\/\/dailynewshungary.com\/de\/keine-ungarn-im-irak-in-gefahr-sagt-ministerium\/","title":{"rendered":"Keine Ungarn im Irak in Gefahr, sagt Ministerium"},"content":{"rendered":"<p><strong>(MTI) \u201eUngarische Staatsb\u00fcrger sind im Irak nicht in Gefahr, da sich Berichten zufolge keine Ungarn in gef\u00e4hrlichen Regionen aufgehalten haben, sagte Anna Nagy, eine Sprecherin des Au\u00dfenministeriums, am Mittwoch.<\/strong><\/p>\n<p>In den vom Islamstaat kontrollierten Gebieten, die derzeit der gef\u00e4hrliche Teil des Irak sind, gebe es keine Ungarn, sagte sie gegen\u00fcber MTI.<\/p>\n<p>Berichten zufolge halten sich Ungarn in der Region Kurdistan und den von Schiiten bewohnten s\u00fcdlichen Teilen auf, die sicherere Orte sind. Einige Ungarn wandten sich hilfesuchend an das Konsulat im Irak und wurden unterst\u00fctzt, aber es gebe derzeit keine laufenden F\u00e4lle, sagte sie.<\/p>\n<p>In der n\u00f6rdlichen Stadt Erbil werde k\u00fcnftig ein neues ungarisches Konsulat er\u00f6ffnet, das sich jedoch ebenfalls nicht in einer gef\u00e4hrlichen Gegend befinde, f\u00fcgte Nagy hinzu.<\/p>\n","protected":false},"excerpt":{"rendered":"<p>(MTI) \u201eUngarische Staatsb\u00fcrger sind im Irak nicht in Gefahr, da sich Berichten zufolge keine Ungarn in gef\u00e4hrlichen Regionen aufgehalten haben, sagte Anna Nagy, eine Sprecherin des Au\u00dfenministeriums, am Mittwoch. In den vom Islamstaat kontrollierten Gebieten, die derzeit der gef\u00e4hrliche Teil des Irak sind, gebe es keine Ungarn, sagte sie gegen\u00fcber MTI. Berichten zufolge halten sich [&hellip;]<\/p>\n","protected":false},"author":2,"featured_media":771935,"comment_status":"open","ping_status":"open","sticky":false,"template":"","format":"standard","meta":{"_acf_changed":false,"_display_image":"","footnotes":""},"categories":[1081],"tags":[1203],"class_list":["post-771934","post","type-post","status-publish","format-standard","has-post-thumbnail","hentry","category-politik","tag-armee"],"blocksy_meta":[],"acf":[],"author_username":"alk","telegram_post":"","public_post_metadata":{"breaking_news":"","important":"","csempe":"","center_tile":"","disable_thumbnail":"","target_lang":"","_featured_image_style":"","telegram_post":"","_xlat_group_id":""},"public_rank_math_data":{"title":"%title% %sep% %sitename%","description":"","focus_keyword":"","canonical_url":"","robots":"","primary_category":"1081","breadcrumb_title":"","facebook_title":"","facebook_description":"","facebook_image":"","facebook_image_id":"","twitter_title":"","twitter_description":"","twitter_image":"","twitter_image_id":"","twitter_card_type":"","twitter_use_facebook":"","advanced_robots":"","pillar_content":"","seo_score":"","contentai_score":"","rich_snippet":""},"_links":{"self":[{"href":"https:\/\/dailynewshungary.com\/de\/wp-json\/wp\/v2\/posts\/771934","targetHints":{"allow":["GET"]}}],"collection":[{"href":"https:\/\/dailynewshungary.com\/de\/wp-json\/wp\/v2\/posts"}],"about":[{"href":"https:\/\/dailynewshungary.com\/de\/wp-json\/wp\/v2\/types\/post"}],"author":[{"embeddable":true,"href":"https:\/\/dailynewshungary.com\/de\/wp-json\/wp\/v2\/users\/2"}],"replies":[{"embeddable":true,"href":"https:\/\/dailynewshungary.com\/de\/wp-json\/wp\/v2\/comments?post=771934"}],"version-history":[{"count":0,"href":"https:\/\/dailynewshungary.com\/de\/wp-json\/wp\/v2\/posts\/771934\/revisions"}],"wp:featuredmedia":[{"embeddable":true,"href":"https:\/\/dailynewshungary.com\/de\/wp-json\/wp\/v2\/media\/771935"}],"wp:attachment":[{"href":"https:\/\/dailynewshungary.com\/de\/wp-json\/wp\/v2\/media?parent=771934"}],"wp:term":[{"taxonomy":"category","embeddable":true,"href":"https:\/\/dailynewshungary.com\/de\/wp-json\/wp\/v2\/categories?post=771934"},{"taxonomy":"post_tag","embeddable":true,"href":"https:\/\/dailynewshungary.com\/de\/wp-json\/wp\/v2\/tags?post=771934"}],"curies":[{"name":"wp","href":"https:\/\/api.w.org\/{rel}","templated":true}]}}