{"id":771940,"date":"2014-08-14T10:22:02","date_gmt":"2014-08-14T08:22:02","guid":{"rendered":"https:\/\/dailynewshungary.com\/de\/prohle-betont-die-bedeutung-der-interregionalen-zusammenarbeit\/"},"modified":"2014-08-14T10:22:02","modified_gmt":"2014-08-14T08:22:02","slug":"prohle-betont-die-bedeutung-der-interregionalen-zusammenarbeit","status":"publish","type":"post","link":"https:\/\/dailynewshungary.com\/de\/prohle-betont-die-bedeutung-der-interregionalen-zusammenarbeit\/","title":{"rendered":"Prohle betont die Bedeutung der interregionalen Zusammenarbeit"},"content":{"rendered":"<p><strong>Wien, 14. August (MTI) \u2013 Die Bedeutung der interregionalen Zusammenarbeit betonte Gergely Prohle als Vertreterin des Personalministeriums zum 25. Jahrestag des Abbaus des Eisernen Vorhangs.<\/strong><\/p>\n<p>Als der stellvertretende Staatssekret\u00e4r f\u00fcr internationale und europ\u00e4ische Angelegenheiten am sp\u00e4ten Mittwoch in Eisenstadt an einer Veranstaltung teilnahm, sagte er, dass Freiheit in kleinen, praktischen Dingen bestehe und davon abh\u00e4nge, wie gemeinsame Wege gebaut w\u00fcrden und welche Art von gemeinsamen kulturellen Veranstaltungen organisiert w\u00fcrden Austauschprogramme, die stattfinden Ungarn freut sich, dass die \u00f6sterreichisch-ungarischen Beziehungen so gut funktionieren, f\u00fcgte er hinzu.<\/p>\n<p>Auf eine Frage bez\u00fcglich der j\u00fcngsten Rede des ungarischen Ministerpr\u00e4sidenten Viktor Orban im Zusammenhang mit dem Liberalismus antwortete Prohle, dass es f\u00fcr eine richtige Beurteilung der Rede notwendig sei, gr\u00fcndlich zu wissen, was Orban gesagt habe. Orban halte sich an die Linie der Analysten, die \u00fcber die Wettbewerbsf\u00e4higkeit von Wohlfahrtsstaaten und Sozialleistungssystemen sprechen, sagte er unter Bezugnahme auf international ge\u00e4u\u00dferte Bedenken hinsichtlich der Entwicklungen in Ungarn sagte er, dass es f\u00fcr ein freiheitsliebendes Volk wie die Ungarn keine Frage gebe, dass das Land irgendein staatliches System in seinen Osten \u00fcbernehmen w\u00fcrde.<\/p>\n<p>An der Gedenkfeier nahmen auch \u00d6sterreichs Pr\u00e4sident Heinz Fischer und Franz Vranitzky, ehemaliger \u00f6sterreichischer Bundeskanzler, teil.<\/p>\n<p><em>Foto: MTI \u2013 Csaba Krizsan<\/em><\/p>\n","protected":false},"excerpt":{"rendered":"<p>Wien, 14. August (MTI) \u2013 Die Bedeutung der interregionalen Zusammenarbeit betonte Gergely Prohle als Vertreterin des Personalministeriums zum 25. Jahrestag des Abbaus des Eisernen Vorhangs. Als der stellvertretende Staatssekret\u00e4r f\u00fcr internationale und europ\u00e4ische Angelegenheiten am sp\u00e4ten Mittwoch in Eisenstadt an einer Veranstaltung teilnahm, sagte er, dass Freiheit in kleinen, praktischen Dingen bestehe und davon abh\u00e4nge, [&hellip;]<\/p>\n","protected":false},"author":2,"featured_media":771941,"comment_status":"open","ping_status":"open","sticky":false,"template":"","format":"standard","meta":{"_acf_changed":false,"_display_image":"","footnotes":""},"categories":[1081],"tags":[1125],"class_list":["post-771940","post","type-post","status-publish","format-standard","has-post-thumbnail","hentry","category-politik","tag-geschichte"],"blocksy_meta":[],"acf":[],"author_username":"alk","telegram_post":"","public_post_metadata":{"breaking_news":"","important":"","csempe":"","center_tile":"","disable_thumbnail":"","target_lang":"","_featured_image_style":"","telegram_post":"","_xlat_group_id":""},"public_rank_math_data":{"title":"%title% %sep% %sitename%","description":"","focus_keyword":"","canonical_url":"","robots":"","primary_category":"1081","breadcrumb_title":"","facebook_title":"","facebook_description":"","facebook_image":"","facebook_image_id":"","twitter_title":"","twitter_description":"","twitter_image":"","twitter_image_id":"","twitter_card_type":"","twitter_use_facebook":"","advanced_robots":"","pillar_content":"","seo_score":"","contentai_score":"","rich_snippet":""},"_links":{"self":[{"href":"https:\/\/dailynewshungary.com\/de\/wp-json\/wp\/v2\/posts\/771940","targetHints":{"allow":["GET"]}}],"collection":[{"href":"https:\/\/dailynewshungary.com\/de\/wp-json\/wp\/v2\/posts"}],"about":[{"href":"https:\/\/dailynewshungary.com\/de\/wp-json\/wp\/v2\/types\/post"}],"author":[{"embeddable":true,"href":"https:\/\/dailynewshungary.com\/de\/wp-json\/wp\/v2\/users\/2"}],"replies":[{"embeddable":true,"href":"https:\/\/dailynewshungary.com\/de\/wp-json\/wp\/v2\/comments?post=771940"}],"version-history":[{"count":0,"href":"https:\/\/dailynewshungary.com\/de\/wp-json\/wp\/v2\/posts\/771940\/revisions"}],"wp:featuredmedia":[{"embeddable":true,"href":"https:\/\/dailynewshungary.com\/de\/wp-json\/wp\/v2\/media\/771941"}],"wp:attachment":[{"href":"https:\/\/dailynewshungary.com\/de\/wp-json\/wp\/v2\/media?parent=771940"}],"wp:term":[{"taxonomy":"category","embeddable":true,"href":"https:\/\/dailynewshungary.com\/de\/wp-json\/wp\/v2\/categories?post=771940"},{"taxonomy":"post_tag","embeddable":true,"href":"https:\/\/dailynewshungary.com\/de\/wp-json\/wp\/v2\/tags?post=771940"}],"curies":[{"name":"wp","href":"https:\/\/api.w.org\/{rel}","templated":true}]}}