{"id":771946,"date":"2014-08-13T12:05:38","date_gmt":"2014-08-13T10:05:38","guid":{"rendered":"https:\/\/dailynewshungary.com\/de\/griffe-werden-fur-regierungspropaganda-verwendet-sagen-sozialisten\/"},"modified":"2014-08-13T12:05:38","modified_gmt":"2014-08-13T10:05:38","slug":"griffe-werden-fur-regierungspropaganda-verwendet-sagen-sozialisten","status":"publish","type":"post","link":"https:\/\/dailynewshungary.com\/de\/griffe-werden-fur-regierungspropaganda-verwendet-sagen-sozialisten\/","title":{"rendered":"Griffe werden f\u00fcr Regierungspropaganda verwendet, sagen Sozialisten"},"content":{"rendered":"<p><strong>(MTI) \u2013 Die ungarischen Streitkr\u00e4fte wurden f\u00fcr Regierungspropaganda eingesetzt, als Gripen-K\u00e4mpfer im Rahmen der Er\u00f6ffnungszeremonie \u00fcber das Ferencvaros-Fu\u00dfballstadion in Budapest flogen, sagte die oppositionelle sozialistische Abgeordnete Marta Demeter am Dienstag.<\/strong><\/p>\n<p>Demeter sagte auf einer Pressekonferenz, dass das regierende Fidesz \u201ceine Grenze \u00fcberschritten\u201d habe und verwies auf \u201cdie bescheidensten Berechnungen\u201d, die zeigten, dass der \u201cSonntagsstunt\u201d den ungarischen Steuerzahlern mindestens 30 Millionen Forint gekostet habe.<\/p>\n<p>Sie sagte, es sei irref\u00fchrend zu sagen, dass die J\u00e4ger zur Feier einer staatlichen Investition eingesetzt wurden und dass der Flug in die Ausbildungszeit der Piloten einbezogen werden k\u00f6nne.<\/p>\n<p>Sie f\u00fcgte hinzu, dass sie das Verteidigungsministerium um Informationen dar\u00fcber gebeten habe, wie viel der Flug der Gripens gekostet habe.<\/p>\n<p><em>Foto: MTI \u2013 Janos Marjai<\/em><\/p>\n","protected":false},"excerpt":{"rendered":"<p>(MTI) \u2013 Die ungarischen Streitkr\u00e4fte wurden f\u00fcr Regierungspropaganda eingesetzt, als Gripen-K\u00e4mpfer im Rahmen der Er\u00f6ffnungszeremonie \u00fcber das Ferencvaros-Fu\u00dfballstadion in Budapest flogen, sagte die oppositionelle sozialistische Abgeordnete Marta Demeter am Dienstag. Demeter sagte auf einer Pressekonferenz, dass das regierende Fidesz \u201ceine Grenze \u00fcberschritten\u201d habe und verwies auf \u201cdie bescheidensten Berechnungen\u201d, die zeigten, dass der \u201cSonntagsstunt\u201d den [&hellip;]<\/p>\n","protected":false},"author":2,"featured_media":771947,"comment_status":"open","ping_status":"open","sticky":false,"template":"","format":"standard","meta":{"_acf_changed":false,"_display_image":"","footnotes":""},"categories":[1081],"tags":[1695],"class_list":["post-771946","post","type-post","status-publish","format-standard","has-post-thumbnail","hentry","category-politik","tag-sozialisten"],"blocksy_meta":[],"acf":[],"author_username":"alk","telegram_post":"","public_post_metadata":{"breaking_news":"","important":"","csempe":"","center_tile":"","disable_thumbnail":"","target_lang":"","_featured_image_style":"","telegram_post":"","_xlat_group_id":""},"public_rank_math_data":{"title":"%title% %sep% %sitename%","description":"","focus_keyword":"","canonical_url":"","robots":"","primary_category":"1081","breadcrumb_title":"","facebook_title":"","facebook_description":"","facebook_image":"","facebook_image_id":"","twitter_title":"","twitter_description":"","twitter_image":"","twitter_image_id":"","twitter_card_type":"","twitter_use_facebook":"","advanced_robots":"","pillar_content":"","seo_score":"","contentai_score":"","rich_snippet":""},"_links":{"self":[{"href":"https:\/\/dailynewshungary.com\/de\/wp-json\/wp\/v2\/posts\/771946","targetHints":{"allow":["GET"]}}],"collection":[{"href":"https:\/\/dailynewshungary.com\/de\/wp-json\/wp\/v2\/posts"}],"about":[{"href":"https:\/\/dailynewshungary.com\/de\/wp-json\/wp\/v2\/types\/post"}],"author":[{"embeddable":true,"href":"https:\/\/dailynewshungary.com\/de\/wp-json\/wp\/v2\/users\/2"}],"replies":[{"embeddable":true,"href":"https:\/\/dailynewshungary.com\/de\/wp-json\/wp\/v2\/comments?post=771946"}],"version-history":[{"count":0,"href":"https:\/\/dailynewshungary.com\/de\/wp-json\/wp\/v2\/posts\/771946\/revisions"}],"wp:featuredmedia":[{"embeddable":true,"href":"https:\/\/dailynewshungary.com\/de\/wp-json\/wp\/v2\/media\/771947"}],"wp:attachment":[{"href":"https:\/\/dailynewshungary.com\/de\/wp-json\/wp\/v2\/media?parent=771946"}],"wp:term":[{"taxonomy":"category","embeddable":true,"href":"https:\/\/dailynewshungary.com\/de\/wp-json\/wp\/v2\/categories?post=771946"},{"taxonomy":"post_tag","embeddable":true,"href":"https:\/\/dailynewshungary.com\/de\/wp-json\/wp\/v2\/tags?post=771946"}],"curies":[{"name":"wp","href":"https:\/\/api.w.org\/{rel}","templated":true}]}}