{"id":771952,"date":"2014-08-12T20:10:02","date_gmt":"2014-08-12T18:10:02","guid":{"rendered":"https:\/\/dailynewshungary.com\/de\/egyutt-pm-tritt-unabhangig-bei-den-kommunalwahlen-in-budapest-an\/"},"modified":"2014-08-12T20:10:02","modified_gmt":"2014-08-12T18:10:02","slug":"egyutt-pm-tritt-unabhangig-bei-den-kommunalwahlen-in-budapest-an","status":"publish","type":"post","link":"https:\/\/dailynewshungary.com\/de\/egyutt-pm-tritt-unabhangig-bei-den-kommunalwahlen-in-budapest-an\/","title":{"rendered":"Egy\u00fctt-PM tritt unabh\u00e4ngig bei den Kommunalwahlen in Budapest an"},"content":{"rendered":"<p><strong>Budapest, 12. August (MTI) \u2013 Die oppositionelle E-PM-Partei wird bei den Kommunalwahlen in Budapest unabh\u00e4ngig antreten und individuelle Vereinbarungen mit anderen Parteien auf Bezirksebene treffen, hei\u00dft es heute in einer an MTI gesendeten Parteierkl\u00e4rung.<\/strong><\/p>\n<p>E-PM sagte, die Entscheidung sei getroffen worden, nachdem die Sozialisten sich am Freitag geweigert hatten, einen Deal mit der Demokratischen Koalition anzunehmen.<\/p>\n<p>Es sei bedauerlich, dass sich infolge der Entscheidung der Sozialisten \u201cin Budapest eine Situation entwickelt hat, die nicht f\u00fcr alle Bezirke in Budapest eine gute L\u00f6sung darstellen wird\u201d, so die E-PMDie Sozialisten gef\u00e4hrden die St\u00e4rkung der Oppositionskr\u00e4fte in Budapest und es k\u00f6nnte Budapester Bezirke geben, in denen mehr als ein demokratischer Oppositionskandidat gegen den regierenden Fidesz-Kandidaten antreten wird, hei\u00dft es in der Erkl\u00e4rung weiter.<\/p>\n","protected":false},"excerpt":{"rendered":"<p>Budapest, 12. August (MTI) \u2013 Die oppositionelle E-PM-Partei wird bei den Kommunalwahlen in Budapest unabh\u00e4ngig antreten und individuelle Vereinbarungen mit anderen Parteien auf Bezirksebene treffen, hei\u00dft es heute in einer an MTI gesendeten Parteierkl\u00e4rung. E-PM sagte, die Entscheidung sei getroffen worden, nachdem die Sozialisten sich am Freitag geweigert hatten, einen Deal mit der Demokratischen Koalition [&hellip;]<\/p>\n","protected":false},"author":2,"featured_media":771953,"comment_status":"open","ping_status":"open","sticky":false,"template":"","format":"standard","meta":{"_acf_changed":false,"_display_image":"","footnotes":""},"categories":[1081],"tags":[4028],"class_list":["post-771952","post","type-post","status-publish","format-standard","has-post-thumbnail","hentry","category-politik","tag-egyutt-dialog-fur-ungarn"],"blocksy_meta":[],"acf":[],"author_username":"alk","telegram_post":"","public_post_metadata":{"breaking_news":"","important":"","csempe":"","center_tile":"","disable_thumbnail":"","target_lang":"","_featured_image_style":"","telegram_post":"","_xlat_group_id":""},"public_rank_math_data":{"title":"%title% %sep% %sitename%","description":"","focus_keyword":"","canonical_url":"","robots":"","primary_category":"1081","breadcrumb_title":"","facebook_title":"","facebook_description":"","facebook_image":"","facebook_image_id":"","twitter_title":"","twitter_description":"","twitter_image":"","twitter_image_id":"","twitter_card_type":"","twitter_use_facebook":"","advanced_robots":"","pillar_content":"","seo_score":"","contentai_score":"","rich_snippet":""},"_links":{"self":[{"href":"https:\/\/dailynewshungary.com\/de\/wp-json\/wp\/v2\/posts\/771952","targetHints":{"allow":["GET"]}}],"collection":[{"href":"https:\/\/dailynewshungary.com\/de\/wp-json\/wp\/v2\/posts"}],"about":[{"href":"https:\/\/dailynewshungary.com\/de\/wp-json\/wp\/v2\/types\/post"}],"author":[{"embeddable":true,"href":"https:\/\/dailynewshungary.com\/de\/wp-json\/wp\/v2\/users\/2"}],"replies":[{"embeddable":true,"href":"https:\/\/dailynewshungary.com\/de\/wp-json\/wp\/v2\/comments?post=771952"}],"version-history":[{"count":0,"href":"https:\/\/dailynewshungary.com\/de\/wp-json\/wp\/v2\/posts\/771952\/revisions"}],"wp:featuredmedia":[{"embeddable":true,"href":"https:\/\/dailynewshungary.com\/de\/wp-json\/wp\/v2\/media\/771953"}],"wp:attachment":[{"href":"https:\/\/dailynewshungary.com\/de\/wp-json\/wp\/v2\/media?parent=771952"}],"wp:term":[{"taxonomy":"category","embeddable":true,"href":"https:\/\/dailynewshungary.com\/de\/wp-json\/wp\/v2\/categories?post=771952"},{"taxonomy":"post_tag","embeddable":true,"href":"https:\/\/dailynewshungary.com\/de\/wp-json\/wp\/v2\/tags?post=771952"}],"curies":[{"name":"wp","href":"https:\/\/api.w.org\/{rel}","templated":true}]}}