{"id":771970,"date":"2014-08-11T13:55:45","date_gmt":"2014-08-11T11:55:45","guid":{"rendered":"https:\/\/dailynewshungary.com\/de\/die-nutzung-von-mobiltelefonen-ubersteigt-die-festnetznutzung-um-das-dreieinhalbfache\/"},"modified":"2014-08-11T13:55:45","modified_gmt":"2014-08-11T11:55:45","slug":"die-nutzung-von-mobiltelefonen-ubersteigt-die-festnetznutzung-um-das-dreieinhalbfache","status":"publish","type":"post","link":"https:\/\/dailynewshungary.com\/de\/die-nutzung-von-mobiltelefonen-ubersteigt-die-festnetznutzung-um-das-dreieinhalbfache\/","title":{"rendered":"Die Nutzung von Mobiltelefonen \u00fcbersteigt die Festnetznutzung um das Dreieinhalbfache"},"content":{"rendered":"<p><strong>Budapest, 11. August (MTI) \u2013 Die Gesamtl\u00e4nge der im vergangenen Jahr in Ungarn get\u00e4tigten Mobilgespr\u00e4che war dreieinhalb Mal h\u00f6her als die Dauer der Festnetzgespr\u00e4che, und es wird erwartet, dass sich der Trend mit mehr Mobilgespr\u00e4chen und weniger Festnetzgespr\u00e4chen in diesem Jahr fortsetzt, sagte die Gesch\u00e4ftstageszeitung Napi Gazdasag heute.<\/strong><\/p>\n<p><span style=\"color: #ff0000;\"><strong>Verwandter Artikel:<\/strong><\/span><br \/>\n<span style=\"color: #ff0000;\"><strong><a href=\"https:\/\/dailynewshungary.com\/de\/5-millionen-ungarn-im-netz\/\" target=\"_blank\"><span style=\"color: #ff0000;\">5 Millionen Ungarn im Netz<\/span><\/a><\/strong><\/span><\/p>\n<p>Die National Media and Infocommunications Authority (NMHH) teilte der Zeitung mit, dass im vergangenen Jahr \u00fcber 23 Millionen Minuten Telefongespr\u00e4che registriert wurden, darunter 5,1 Millionen Minuten Festnetzgespr\u00e4che und 18,3 Millionen Minuten Mobilgespr\u00e4che.<\/p>\n<p>Napi Gazdasag sagte, die Zahlen zeigten, dass die Menschen letztes Jahr insgesamt 44,5 Jahre damit verbracht h\u00e4tten, am Telefon zu sprechen.<\/p>\n<p><em>Foto:&nbsp;<a href=\"http:\/\/unsplash.com\/post\/51493204705\/download-by-alejandro-escamilla\" target=\"_blank\" rel=\"noopener\">unsplash.com<\/a><\/em><\/p>\n","protected":false},"excerpt":{"rendered":"<p>Budapest, 11. August (MTI) \u2013 Die Gesamtl\u00e4nge der im vergangenen Jahr in Ungarn get\u00e4tigten Mobilgespr\u00e4che war dreieinhalb Mal h\u00f6her als die Dauer der Festnetzgespr\u00e4che, und es wird erwartet, dass sich der Trend mit mehr Mobilgespr\u00e4chen und weniger Festnetzgespr\u00e4chen in diesem Jahr fortsetzt, sagte die Gesch\u00e4ftstageszeitung Napi Gazdasag heute. Verwandter Artikel: 5 Millionen Ungarn im Netz [&hellip;]<\/p>\n","protected":false},"author":2,"featured_media":771971,"comment_status":"open","ping_status":"open","sticky":false,"template":"","format":"standard","meta":{"_acf_changed":false,"_display_image":"","footnotes":""},"categories":[1281],"tags":[1066],"class_list":["post-771970","post","type-post","status-publish","format-standard","has-post-thumbnail","hentry","category-geschaft","tag-hungary"],"blocksy_meta":[],"acf":[],"author_username":"alk","telegram_post":"","public_post_metadata":{"breaking_news":"","important":"","csempe":"","center_tile":"","disable_thumbnail":"","target_lang":"","_featured_image_style":"","telegram_post":"","_xlat_group_id":""},"public_rank_math_data":{"title":"%title% %sep% %sitename%","description":"","focus_keyword":"","canonical_url":"","robots":"","primary_category":"1281","breadcrumb_title":"","facebook_title":"","facebook_description":"","facebook_image":"","facebook_image_id":"","twitter_title":"","twitter_description":"","twitter_image":"","twitter_image_id":"","twitter_card_type":"","twitter_use_facebook":"","advanced_robots":"","pillar_content":"","seo_score":"","contentai_score":"","rich_snippet":""},"_links":{"self":[{"href":"https:\/\/dailynewshungary.com\/de\/wp-json\/wp\/v2\/posts\/771970","targetHints":{"allow":["GET"]}}],"collection":[{"href":"https:\/\/dailynewshungary.com\/de\/wp-json\/wp\/v2\/posts"}],"about":[{"href":"https:\/\/dailynewshungary.com\/de\/wp-json\/wp\/v2\/types\/post"}],"author":[{"embeddable":true,"href":"https:\/\/dailynewshungary.com\/de\/wp-json\/wp\/v2\/users\/2"}],"replies":[{"embeddable":true,"href":"https:\/\/dailynewshungary.com\/de\/wp-json\/wp\/v2\/comments?post=771970"}],"version-history":[{"count":0,"href":"https:\/\/dailynewshungary.com\/de\/wp-json\/wp\/v2\/posts\/771970\/revisions"}],"wp:featuredmedia":[{"embeddable":true,"href":"https:\/\/dailynewshungary.com\/de\/wp-json\/wp\/v2\/media\/771971"}],"wp:attachment":[{"href":"https:\/\/dailynewshungary.com\/de\/wp-json\/wp\/v2\/media?parent=771970"}],"wp:term":[{"taxonomy":"category","embeddable":true,"href":"https:\/\/dailynewshungary.com\/de\/wp-json\/wp\/v2\/categories?post=771970"},{"taxonomy":"post_tag","embeddable":true,"href":"https:\/\/dailynewshungary.com\/de\/wp-json\/wp\/v2\/tags?post=771970"}],"curies":[{"name":"wp","href":"https:\/\/api.w.org\/{rel}","templated":true}]}}