{"id":771992,"date":"2014-08-09T11:55:02","date_gmt":"2014-08-09T09:55:02","guid":{"rendered":"https:\/\/dailynewshungary.com\/de\/ultramarathon-auf-dem-kurzeren-weg-von-gy-r-nach-budapest\/"},"modified":"2014-08-09T11:55:02","modified_gmt":"2014-08-09T09:55:02","slug":"ultramarathon-auf-dem-kurzeren-weg-von-gy-r-nach-budapest","status":"publish","type":"post","link":"https:\/\/dailynewshungary.com\/de\/ultramarathon-auf-dem-kurzeren-weg-von-gy-r-nach-budapest\/","title":{"rendered":"Ultramarathon auf dem k\u00fcrzeren Weg von Gy r nach Budapest"},"content":{"rendered":"<p><strong>(MTI) \u2013 Der Laufwettbewerb Wien-Bratislava-Budapest, der in den Vorjahren urspr\u00fcnglich drei L\u00e4nder umfasste, wird in diesem Jahr auf einer k\u00fcrzeren Strecke zwischen der Strecke Gy.r und Budapest organisiert.<\/strong><\/p>\n<p><a href=\"https:\/\/dailynewshungary.com\/wp-content\/uploads\/2014\/08\/vienna-budapest-ultramarathon.jpg\" data-pswp-width=\"\" data-pswp-height=\"\" data-cropped=\"true\"><img loading=\"lazy\" decoding=\"async\" class=\" wp-image-9685 alignleft\" alt=\"Wien-budapest-ultramarathon\" src=\"https:\/\/dailynewshungary.com\/wp-content\/uploads\/2014\/08\/vienna-budapest-ultramarathon-224x300.jpg\" width=\"179\" height=\"240\" srcset=\"https:\/\/contentf5.dailynewshungary.com\/wp-content\/uploads\/2014\/08\/vienna-budapest-ultramarathon-224x300.jpg 224w, https:\/\/contentf5.dailynewshungary.com\/wp-content\/uploads\/2014\/08\/vienna-budapest-ultramarathon.jpg 719w\" sizes=\"auto, (max-width: 179px) 100vw, 179px\"><\/a>Die Strecke ist auf die Strecke von 142 Kilometern verk\u00fcrzt und wird drei Abschnitte haben, darunter Gy.r-Tata-Budakeszi-Budapest mit dem Starttag 21. Oktober.<\/p>\n<p>Am Tag des Nationalfeiertags 23. Oktober kommen auch die Teilnehmer des internationalen Halbmarathons zu den Teilnehmern. Der letzte Tag beginnt in Budakeszi.<\/p>\n<p>Die Organisatoren hoffen, dass die dreit\u00e4gige Veranstaltung noch mehr Menschen anzieht, da Hobbyl\u00e4ufer auf diese Weise leichter einsteigen k\u00f6nnen, wie sie in ihrer Ank\u00fcndigung ver\u00f6ffentlichten.<\/p>\n<p style=\"text-align: center;\"><a href=\"https:\/\/dailynewshungary.com\/wp-content\/uploads\/2014\/08\/vienna-budapest-ultramarathon-3.jpg\" data-pswp-width=\"\" data-pswp-height=\"\" data-cropped=\"true\"><img loading=\"lazy\" decoding=\"async\" class=\" wp-image-9687 aligncenter\" alt=\"Wien-budapest-ultramarathon-3\" src=\"https:\/\/dailynewshungary.com\/wp-content\/uploads\/2014\/08\/vienna-budapest-ultramarathon-3-1024x601.jpg\" width=\"614\" height=\"361\" srcset=\"https:\/\/contentf5.dailynewshungary.com\/wp-content\/uploads\/2014\/08\/vienna-budapest-ultramarathon-3-1024x601.jpg 1024w, https:\/\/contentf5.dailynewshungary.com\/wp-content\/uploads\/2014\/08\/vienna-budapest-ultramarathon-3-300x176.jpg 300w, https:\/\/contentf5.dailynewshungary.com\/wp-content\/uploads\/2014\/08\/vienna-budapest-ultramarathon-3.jpg 2048w\" sizes=\"auto, (max-width: 614px) 100vw, 614px\"><\/a><\/p>\n<p><span style=\"line-height: 1.5em;\">Am Tag des 20. September wird als Vorlauf des Ultramarathons eine weitere Veranstaltung organisiert, die sowohl Stra\u00dfen- als auch Langlaufveranstaltungen zwischen Esztergom und Dobog\u00f3k. umfasst.<\/span><\/p>\n<p style=\"text-align: center;\"><a href=\"https:\/\/dailynewshungary.com\/wp-content\/uploads\/2014\/08\/vienna-budapest-ultramarathon-2.jpg\" data-pswp-width=\"\" data-pswp-height=\"\" data-cropped=\"true\"><img loading=\"lazy\" decoding=\"async\" class=\" wp-image-9686 aligncenter\" alt=\"Wien-budapest-ultramarathon-2\" src=\"https:\/\/dailynewshungary.com\/wp-content\/uploads\/2014\/08\/vienna-budapest-ultramarathon-2-1024x699.jpg\" width=\"614\" height=\"419\" srcset=\"https:\/\/contentf5.dailynewshungary.com\/wp-content\/uploads\/2014\/08\/vienna-budapest-ultramarathon-2-1024x699.jpg 1024w, https:\/\/contentf5.dailynewshungary.com\/wp-content\/uploads\/2014\/08\/vienna-budapest-ultramarathon-2-300x204.jpg 300w, https:\/\/contentf5.dailynewshungary.com\/wp-content\/uploads\/2014\/08\/vienna-budapest-ultramarathon-2-116x80.jpg 116w, https:\/\/contentf5.dailynewshungary.com\/wp-content\/uploads\/2014\/08\/vienna-budapest-ultramarathon-2.jpg 2048w\" sizes=\"auto, (max-width: 614px) 100vw, 614px\"><\/a><\/p>\n<p><span style=\"line-height: 1.5em;\">Das Rennen beinhaltet auch eine k\u00fcrzere, 16,09 km lange und eine l\u00e4ngere 43 km lange Radtour.<\/span><\/p>\n<p><strong><em>Finden Sie die Organisatoren auf Facebook:&nbsp;<a href=\"https:\/\/www.facebook.com\/bbu.hu\" target=\"_blank\" rel=\"noopener\">https:\/\/www.facebook.com\/bbu.hu<\/a><\/em><\/strong><\/p>\n<p><em>\u00dcbersetzt von Adam Reszegi<\/em><\/p>\n<p><em>Foto:&nbsp;<a href=\"https:\/\/www.facebook.com\/bbu.hu\" target=\"_blank\" rel=\"noopener\">https:\/\/www.facebook.com\/bbu.hu<\/a><\/em><\/p>\n","protected":false},"excerpt":{"rendered":"<p>(MTI) \u2013 Der Laufwettbewerb Wien-Bratislava-Budapest, der in den Vorjahren urspr\u00fcnglich drei L\u00e4nder umfasste, wird in diesem Jahr auf einer k\u00fcrzeren Strecke zwischen der Strecke Gy.r und Budapest organisiert. Die Strecke ist auf die Strecke von 142 Kilometern verk\u00fcrzt und wird drei Abschnitte haben, darunter Gy.r-Tata-Budakeszi-Budapest mit dem Starttag 21. Oktober. Am Tag des Nationalfeiertags 23. [&hellip;]<\/p>\n","protected":false},"author":2,"featured_media":771993,"comment_status":"open","ping_status":"open","sticky":false,"template":"","format":"standard","meta":{"_acf_changed":false,"_display_image":"","footnotes":""},"categories":[1219],"tags":[1066],"class_list":["post-771992","post","type-post","status-publish","format-standard","has-post-thumbnail","hentry","category-sport","tag-hungary"],"blocksy_meta":[],"acf":[],"author_username":"alk","telegram_post":"","public_post_metadata":{"breaking_news":"","important":"","csempe":"","center_tile":"","disable_thumbnail":"","target_lang":"","_featured_image_style":"","telegram_post":"","_xlat_group_id":""},"public_rank_math_data":{"title":"%title% %sep% %sitename%","description":"","focus_keyword":"","canonical_url":"","robots":"","primary_category":"1219","breadcrumb_title":"","facebook_title":"","facebook_description":"","facebook_image":"","facebook_image_id":"","twitter_title":"","twitter_description":"","twitter_image":"","twitter_image_id":"","twitter_card_type":"","twitter_use_facebook":"","advanced_robots":"","pillar_content":"","seo_score":"","contentai_score":"","rich_snippet":""},"_links":{"self":[{"href":"https:\/\/dailynewshungary.com\/de\/wp-json\/wp\/v2\/posts\/771992","targetHints":{"allow":["GET"]}}],"collection":[{"href":"https:\/\/dailynewshungary.com\/de\/wp-json\/wp\/v2\/posts"}],"about":[{"href":"https:\/\/dailynewshungary.com\/de\/wp-json\/wp\/v2\/types\/post"}],"author":[{"embeddable":true,"href":"https:\/\/dailynewshungary.com\/de\/wp-json\/wp\/v2\/users\/2"}],"replies":[{"embeddable":true,"href":"https:\/\/dailynewshungary.com\/de\/wp-json\/wp\/v2\/comments?post=771992"}],"version-history":[{"count":0,"href":"https:\/\/dailynewshungary.com\/de\/wp-json\/wp\/v2\/posts\/771992\/revisions"}],"wp:featuredmedia":[{"embeddable":true,"href":"https:\/\/dailynewshungary.com\/de\/wp-json\/wp\/v2\/media\/771993"}],"wp:attachment":[{"href":"https:\/\/dailynewshungary.com\/de\/wp-json\/wp\/v2\/media?parent=771992"}],"wp:term":[{"taxonomy":"category","embeddable":true,"href":"https:\/\/dailynewshungary.com\/de\/wp-json\/wp\/v2\/categories?post=771992"},{"taxonomy":"post_tag","embeddable":true,"href":"https:\/\/dailynewshungary.com\/de\/wp-json\/wp\/v2\/tags?post=771992"}],"curies":[{"name":"wp","href":"https:\/\/api.w.org\/{rel}","templated":true}]}}